{"id":2145,"date":"2024-11-13T12:42:50","date_gmt":"2024-11-13T15:42:50","guid":{"rendered":"https:\/\/buensonido.cl\/?p=2145"},"modified":"2024-11-13T12:42:50","modified_gmt":"2024-11-13T15:42:50","slug":"el-alcalde-de-coronel-boris-chamorro-participo-en-la-septima-sesion-de-trabajo-de-la-gobernanza-del-plan-mas-movilidad-gran-concepcion","status":"publish","type":"post","link":"https:\/\/buensonido.cl\/?p=2145","title":{"rendered":"El alcalde de Coronel Boris Chamorro particip\u00f3 en la s\u00e9ptima sesi\u00f3n de trabajo de la Gobernanza del Plan M\u00e1s Movilidad Gran Concepci\u00f3n"},"content":{"rendered":"\n<p>Se trata de un compromiso presidencial que es liderado por el subsecretario de Transportes, Jorge Daza.<\/p>\n\n\n\n<p>En la instancia, la primera autoridad local plante\u00f3 temas importantes, como la habilitaci\u00f3n de m\u00e1s carros para el Biotr\u00e9n y la aceleraci\u00f3n de la tercera etapa del corredor de transporte p\u00fablico de Coronel, que comprende el tramo desde Camilo Olavarr\u00eda hasta Lo Rojas.<\/p>\n\n\n\n<p>Adem\u00e1s, se inform\u00f3 que durante el primer semestre de 2025 se habilitar\u00e1 el puente industrial en la vecina comuna de San Pedro de la Paz, lo que ayudar\u00e1 a descongestionar el tr\u00e1nsito hacia nuestra ciudad.<\/p>\n\n\n\n<figure class=\"wp-block-image size-large\"><img decoding=\"async\" src=\"https:\/\/buensonido.cl\/wp-content\/uploads\/2024\/11\/Imagen-de-WhatsApp-2024-11-13-a-las-12.19.45_c9b60a72-1024x681.jpg\" alt=\"\" class=\"wp-image-2146\"\/><\/figure>\n\n\n\n<figure class=\"wp-block-image size-large\"><img decoding=\"async\" src=\"https:\/\/buensonido.cl\/wp-content\/uploads\/2024\/11\/Imagen-de-WhatsApp-2024-11-13-a-las-12.19.45_d45819e7-1024x681.jpg\" alt=\"\" class=\"wp-image-2147\"\/><\/figure>\n","protected":false},"excerpt":{"rendered":"<p>Se trata de un compromiso presidencial que es liderado por el subsecretario de Transportes, Jorge Daza. En la instancia, la primera autoridad local plante\u00f3 temas importantes, como la habilitaci\u00f3n de m\u00e1s carros para el Biotr\u00e9n y la aceleraci\u00f3n de la tercera etapa del corredor de transporte p\u00fablico de Coronel, que comprende el tramo desde Camilo &hellip;<\/p>\n","protected":false},"author":1,"featured_media":2146,"comment_status":"closed","ping_status":"closed","sticky":false,"template":"","format":"standard","meta":{"footnotes":""},"categories":[16],"tags":[],"class_list":["post-2145","post","type-post","status-publish","format-standard","has-post-thumbnail","hentry","category-actualidad"],"_links":{"self":[{"href":"https:\/\/buensonido.cl\/index.php?rest_route=\/wp\/v2\/posts\/2145","targetHints":{"allow":["GET"]}}],"collection":[{"href":"https:\/\/buensonido.cl\/index.php?rest_route=\/wp\/v2\/posts"}],"about":[{"href":"https:\/\/buensonido.cl\/index.php?rest_route=\/wp\/v2\/types\/post"}],"author":[{"embeddable":true,"href":"https:\/\/buensonido.cl\/index.php?rest_route=\/wp\/v2\/users\/1"}],"replies":[{"embeddable":true,"href":"https:\/\/buensonido.cl\/index.php?rest_route=%2Fwp%2Fv2%2Fcomments&post=2145"}],"version-history":[{"count":0,"href":"https:\/\/buensonido.cl\/index.php?rest_route=\/wp\/v2\/posts\/2145\/revisions"}],"wp:featuredmedia":[{"embeddable":true,"href":"https:\/\/buensonido.cl\/index.php?rest_route=\/wp\/v2\/media\/2146"}],"wp:attachment":[{"href":"https:\/\/buensonido.cl\/index.php?rest_route=%2Fwp%2Fv2%2Fmedia&parent=2145"}],"wp:term":[{"taxonomy":"category","embeddable":true,"href":"https:\/\/buensonido.cl\/index.php?rest_route=%2Fwp%2Fv2%2Fcategories&post=2145"},{"taxonomy":"post_tag","embeddable":true,"href":"https:\/\/buensonido.cl\/index.php?rest_route=%2Fwp%2Fv2%2Ftags&post=2145"}],"curies":[{"name":"wp","href":"https:\/\/api.w.org\/{rel}","templated":true}]}}