{"id":2133,"date":"2024-11-05T11:18:24","date_gmt":"2024-11-05T14:18:24","guid":{"rendered":"https:\/\/buensonido.cl\/?p=2133"},"modified":"2024-11-05T11:18:24","modified_gmt":"2024-11-05T14:18:24","slug":"colbun-realizo-cuenta-publica-de-su-central-los-pinos-con-foco-en-el-dialogo-y-la-construccion-de-confianzas-con-la-comunidad","status":"publish","type":"post","link":"https:\/\/buensonido.cl\/?p=2133","title":{"rendered":"COLB\u00daN REALIZ\u00d3 CUENTA P\u00daBLICA DE SU CENTRAL LOS PINOS CON FOCO EN EL DI\u00c1LOGO Y LA CONSTRUCCI\u00d3N DE CONFIANZAS CON LA COMUNIDAD"},"content":{"rendered":"\n<p>En la propia Central Los Pinos de Colb\u00fan, en la localidad de Charr\u00faa, comuna de Cabrero, llev\u00f3 a cabo la Cuenta P\u00fablica en formato di\u00e1logo comunitario, donde se expusieron los avances de la gesti\u00f3n operacional, ambiental y social de la empresa en el territorio, con la presencia de dirigentes y vecinos. <\/p>\n\n\n\n<p>En esta ocasi\u00f3n, el jefe de la Central, Oscar Monta\u00f1o, junto a representantes de Asuntos P\u00fablicos de Colb\u00fan, presentaron los avances de la colaboraci\u00f3n entre la empresa y la comunidad local, destacando el permanente relacionamiento como un espacio para canalizar las inquietudes y necesidades de los vecinos.<\/p>\n\n\n\n<p>Oscar Monta\u00f1o subray\u00f3 el valor de este trabajo conjunto: \u201cEs muy satisfactorio vernos presencialmente todos involucrados en este esfuerzo. La Mesa Asociativa y otras instancias directas con nuestros vecinos nacen, en gran parte, de las necesidades planteadas por ellos y que nos permite que el esfuerzo de la empresa y la comunidad se sume. Quiz\u00e1s no siempre se logre todo, pero el empe\u00f1o, el cari\u00f1o y la uni\u00f3n que le ponemos a esta tarea de ser buenos vecinos es nuestro foco y es valorado por la comunidad. Ver el fruto de ese trabajo conjunto en mejoras, como la nueva iluminaci\u00f3n en las calles principales de Charr\u00faa, refleja el impacto positivo de esta colaboraci\u00f3n,\u201d se\u00f1al\u00f3 Monta\u00f1o.<\/p>\n\n\n\n<p>La participaci\u00f3n de los vecinos y dirigentes fue fundamental para el \u00e9xito del encuentro. <\/p>\n\n\n\n<p>Mabel Guerrero Soto, dirigente de la Junta de Vecinos de Charr\u00faa, destac\u00f3 c\u00f3mo Colb\u00fan ha demostrado un compromiso constante con la comunidad a lo largo de los a\u00f1os: \u201cValoramos la voluntad de Colb\u00fan de ser buenos vecinos y su inter\u00e9s en hacer bien las cosas. A lo largo del tiempo, hemos visto su preocupaci\u00f3n real por nuestra localidad y su apoyo constante a trav\u00e9s de la Mesa Asociativa, los emprendedores y las distintas organizaciones de Charr\u00faa,\u201d expres\u00f3 la dirigente. Tambi\u00e9n resalt\u00f3 la reforestaci\u00f3n con quillay, una especie nativa que refleja el enfoque ambiental de la empresa y su respeto por el entorno local.<\/p>\n\n\n\n<p>Calidad de vida<\/p>\n\n\n\n<p>Desde el \u00e1mbito educativo, Pilar Insunza, directora (s) de la Escuela Hogar Charr\u00faa, valor\u00f3 el impacto de los talleres organizados en conjunto con la Fundaci\u00f3n Adonai y el apoyo de Colb\u00fan. \u201cHemos trabajado en conjunto para ofrecer una variedad de talleres, desde deportes hasta juegos de estrategia y danza, que brindan a nuestros estudiantes no solo habilidades espec\u00edficas, sino tambi\u00e9n valores como la responsabilidad y la disciplina. Un ni\u00f1o motivado y feliz est\u00e1 m\u00e1s abierto al aprendizaje, y ese es uno de los objetivos de nuestra escuela,\u201d explic\u00f3 Pilar. Adem\u00e1s, agradeci\u00f3 la colaboraci\u00f3n de la Mesa Asociativa en la mejora del sistema el\u00e9ctrico de la escuela, que contribuye directamente a la seguridad de los estudiantes.<\/p>\n\n\n\n<p>Para Juli\u00e1n Perret, Subgerente de Asuntos P\u00fablicos de Centrales de Generaci\u00f3n de Colb\u00fan, estos espacios de di\u00e1logo son fundamentales para construir una relaci\u00f3n cercana y colaborativa con la comunidad. \u201cEstas instancias de di\u00e1logo son esenciales porque integran la dimensi\u00f3n social en nuestra operaci\u00f3n. Conocer las percepciones de la comunidad, entender sus inquietudes y educar sobre la planta son pasos necesarios para convertirnos en buenos vecinos,\u201d se\u00f1al\u00f3 Perret. <\/p>\n\n\n\n<p>\u201cHoy, el di\u00e1logo con los vecinos nos permiti\u00f3 conocer no solo sus opiniones, sino tambi\u00e9n sus sue\u00f1os y desaf\u00edos. Nos sentimos orgullosos de ver c\u00f3mo el trabajo en medio ambiente, seguridad y operaciones se alinea con sus expectativas, y satisfechos de contribuir a su bienestar y desarrollo.\u201dLa jornada finaliz\u00f3 con un sentimiento de satisfacci\u00f3n compartido, evidenciando que el trabajo conjunto entre Colb\u00fan y la comunidad est\u00e1n generando un impacto positivo en Charr\u00faa. <\/p>\n\n\n\n<p>La empresa reafirm\u00f3 su compromiso de seguir avanzando en una gesti\u00f3n integrada que respete el medio ambiente y promueva el bienestar de sus comunidades vecinas.<\/p>\n\n\n\n<figure class=\"wp-block-image size-large\"><img decoding=\"async\" src=\"https:\/\/buensonido.cl\/wp-content\/uploads\/2024\/11\/1000103393-1024x684.jpg\" alt=\"\" class=\"wp-image-2134\"\/><figcaption class=\"wp-element-caption\">GSS<\/figcaption><\/figure>\n","protected":false},"excerpt":{"rendered":"<p>En la propia Central Los Pinos de Colb\u00fan, en la localidad de Charr\u00faa, comuna de Cabrero, llev\u00f3 a cabo la Cuenta P\u00fablica en formato di\u00e1logo comunitario, donde se expusieron los avances de la gesti\u00f3n operacional, ambiental y social de la empresa en el territorio, con la presencia de dirigentes y vecinos. En esta ocasi\u00f3n, el &hellip;<\/p>\n","protected":false},"author":1,"featured_media":2134,"comment_status":"closed","ping_status":"closed","sticky":false,"template":"","format":"standard","meta":{"footnotes":""},"categories":[16],"tags":[],"class_list":["post-2133","post","type-post","status-publish","format-standard","has-post-thumbnail","hentry","category-actualidad"],"_links":{"self":[{"href":"https:\/\/buensonido.cl\/index.php?rest_route=\/wp\/v2\/posts\/2133","targetHints":{"allow":["GET"]}}],"collection":[{"href":"https:\/\/buensonido.cl\/index.php?rest_route=\/wp\/v2\/posts"}],"about":[{"href":"https:\/\/buensonido.cl\/index.php?rest_route=\/wp\/v2\/types\/post"}],"author":[{"embeddable":true,"href":"https:\/\/buensonido.cl\/index.php?rest_route=\/wp\/v2\/users\/1"}],"replies":[{"embeddable":true,"href":"https:\/\/buensonido.cl\/index.php?rest_route=%2Fwp%2Fv2%2Fcomments&post=2133"}],"version-history":[{"count":0,"href":"https:\/\/buensonido.cl\/index.php?rest_route=\/wp\/v2\/posts\/2133\/revisions"}],"wp:featuredmedia":[{"embeddable":true,"href":"https:\/\/buensonido.cl\/index.php?rest_route=\/wp\/v2\/media\/2134"}],"wp:attachment":[{"href":"https:\/\/buensonido.cl\/index.php?rest_route=%2Fwp%2Fv2%2Fmedia&parent=2133"}],"wp:term":[{"taxonomy":"category","embeddable":true,"href":"https:\/\/buensonido.cl\/index.php?rest_route=%2Fwp%2Fv2%2Fcategories&post=2133"},{"taxonomy":"post_tag","embeddable":true,"href":"https:\/\/buensonido.cl\/index.php?rest_route=%2Fwp%2Fv2%2Ftags&post=2133"}],"curies":[{"name":"wp","href":"https:\/\/api.w.org\/{rel}","templated":true}]}}