{"id":2103,"date":"2024-10-22T22:04:13","date_gmt":"2024-10-23T01:04:13","guid":{"rendered":"https:\/\/buensonido.cl\/?p=2103"},"modified":"2024-10-22T22:04:13","modified_gmt":"2024-10-23T01:04:13","slug":"paul-esquerre-presidente-de-irade-es-fundamental-que-el-sector-publico-vea-a-la-empresa-como-un-socio-indispensable-para-una-sociedad-mas-prospera","status":"publish","type":"post","link":"https:\/\/buensonido.cl\/?p=2103","title":{"rendered":"Paul Esquerr\u00e9, presidente de IRADE: \u201cEs fundamental que el sector p\u00fablico vea a la empresa como un socio indispensable para una sociedad m\u00e1s pr\u00f3spera\u201d"},"content":{"rendered":"\n<p>Un poco m\u00e1s de mil asistentes se reunieron en el centro de eventos SurActivo para ser parte de la versi\u00f3n 2024 del Encuentro Regional de Empresas, EREDE, organizado por el Instituto Regional de Administraci\u00f3n de Empresas del Biob\u00edo, IRADE.<\/p>\n\n\n\n<p>La instancia congreg\u00f3 a liderazgos regionales y nacionales del mundo productivo, pol\u00edtico y social, y, estuvo marcada por el cierre de las operaciones sider\u00fargicas de Huachipato y el llamado a retomar la senda del crecimiento hecho por el mundo empresarial y recogido por el Presidente de la Rep\u00fablica, Gabriel Boric Font, quien particip\u00f3 del evento de forma telem\u00e1tica.<\/p>\n\n\n\n<p>El encargado de abrir el evento empresarial fue Paul Esquerr\u00e9 Dal Borgo, Presidente de IRADE, quien reflexion\u00f3 sobre el momento que atraviesa la Regi\u00f3n del Biob\u00edo. \u201cLa econom\u00eda del Biob\u00edo est\u00e1 herida y debemos sanarla. Por eso, los invito imperiosamente a escucharnos, a buscar la forma de unirnos. \u00bfY qu\u00e9 nos une? A mi juicio es el compromiso con las personas de la regi\u00f3n y su bienestar\u201d.<\/p>\n\n\n\n<p>\u201cNo se sale de una crisis de esta magnitud empujando exclusivamente la inversi\u00f3n p\u00fablica (\u2026) En IRADE estamos convencidos que es fundamental que el sector p\u00fablico vea que la empresa no es un actor aislado o un enemigo del progreso sostenible, sino un socio indispensable para una sociedad m\u00e1s pr\u00f3spera, sustentable e inclusiva\u201d, agreg\u00f3 el l\u00edder empresarial.<\/p>\n\n\n\n<p>Esquerr\u00e9 valor\u00f3 la implementaci\u00f3n del Plan de Fortalecimiento Industrial del Biob\u00edo \u201cesperamos que este esp\u00edritu colaborativo se mantenga y que este plan, que contiene medidas inmediatas y otras de mediano y largo plazo, se ejecute y d\u00e9 frutos concretos. Por ello, es clave fortalecer una estructura de gobernanza s\u00f3lida que trascienda los gobiernos de turno\u201d.<\/p>\n\n\n\n<p>A la vez que solicit\u00f3 poner el crecimiento econ\u00f3mico en el centro de la conversaci\u00f3n, el presidente de IRADE destac\u00f3 aquellas cosas que nos tienen que poner orgullosos como habitantes del Biob\u00edo. Tal es el caso de los proyectos de Hidr\u00f3geno Verde, los minerales del futuro, el enlace energ\u00e9tico con Neuqu\u00e9n y el activo entorno de startups y emprendedores, entre otras. Igualmente, llam\u00f3 a las empresas a ser ejemplo de buenas pr\u00e1cticas y a desplegarse m\u00e1s y mejor en cada uno de los espacios que ofrece la democracia.<\/p>\n\n\n\n<p>\u201cPor eso, \u2018Volver a crecer, volver a creer\u2019 es un llamado a situar el crecimiento como prioridad en la agenda p\u00fablica y a restaurar la confianza en nuestras capacidades como regi\u00f3n y pa\u00eds\u201d, dijo al cierre de su intervenci\u00f3n Paul Esquerr\u00e9.<\/p>\n\n\n\n<p><strong>Presidente Boric llama a recuperar la industria chilena desde el Biob\u00edo<\/strong><\/p>\n\n\n\n<p>El Presidente de la Rep\u00fablica, Gabriel Boric Font, subray\u00f3 el llamado hecho desde IRADE para impulsar el crecimiento regional. \u201cHago eco del lema de EREDE 2024, porque retomar la confianza en Chile, en sus instituciones, volver a creer y lograr lo que somos capaces si trabajamos juntos como Estado y sector privado, es el desaf\u00edo m\u00e1s grande que tenemos en este momento como pa\u00eds\u201d, se\u00f1al\u00f3 el mandatario.<\/p>\n\n\n\n<p>\u201cNo podemos vivir de glorias pasadas y tampoco podemos hacer que la historia vuelva atr\u00e1s, tenemos que mirar al futuro para ver de qu\u00e9 lugar el Biob\u00edo renace\u201d, a\u00f1adi\u00f3 la m\u00e1xima autoridad.<\/p>\n\n\n\n<p>El Presidente Boric tambi\u00e9n tuvo palabras sobre la crisis del empleo y la situaci\u00f3n de Huachipato. \u201cTenemos un ambicioso Plan de Fortalecimiento Industrial con el que queremos recuperar la industria chilena a partir de la Regi\u00f3n del Biob\u00edo\u201d.<\/p>\n\n\n\n<p>\u201cLa confianza y el optimismo generan c\u00edrculos virtuosos que nos ayudan a mejorar. Ustedes le est\u00e1n dando ejemplo al resto del pa\u00eds para trabajar en conjunto por el desarrollo. Juntos vamos a lograr que el Biob\u00edo vuelva a crecer con fuerza\u201d, sostuvo el Presidente de la Rep\u00fablica al culminar su participaci\u00f3n en el Encuentro Regional de Empresas 2024.<\/p>\n\n\n\n<p><strong>Desarrollo de EREDE 2024<\/strong><\/p>\n\n\n\n<p>El Encuentro Regional de Empresas continu\u00f3 con su programa, ofreciendo las intervenciones de los medallistas de oro ol\u00edmpico Francisca Crovetto y Fernando Gonz\u00e1lez. Luego fue el turno del economista Sebasti\u00e1n Edwards y la representante del PNUD en Chile, Georgiana Braga-Orillard, quienes animaron el bloque \u201cCrecimiento y confianza\u201d.<\/p>\n\n\n\n<p>Permisolog\u00eda, Ley de Pesca, crisis forestal, nuevos minerales y el Plan de Fortalecimiento Industrial del Biob\u00edo fueron el centro del segmento \u201cImpulso a la industria\u201d, que cont\u00f3 con la participaci\u00f3n del ministro de Econom\u00eda Nicol\u00e1s Grau y l\u00edderes gremiales de CPC, Pescadores Industriales del Biob\u00edo y Corma, adem\u00e1s de la empresa Aclara y la Mesa por la Defensa del Empleo.<\/p>\n\n\n\n<p>Finalmente, en el panel \u201cBiob\u00edo Decide\u201d, los siete candidatos al cargo de gobernador regional tuvieron su \u00faltima presentaci\u00f3n en la antesala de las elecciones del pr\u00f3ximo 26 y 27 de octubre.<\/p>\n\n\n\n<figure class=\"wp-block-image size-large\"><img decoding=\"async\" src=\"https:\/\/buensonido.cl\/wp-content\/uploads\/2024\/10\/EREDE-2024-2-1024x684.jpeg\" alt=\"\" class=\"wp-image-2104\"\/><\/figure>\n\n\n\n<figure class=\"wp-block-image size-large\"><img decoding=\"async\" src=\"https:\/\/buensonido.cl\/wp-content\/uploads\/2024\/10\/EREDE-2024-1-1024x683.jpeg\" alt=\"\" class=\"wp-image-2105\"\/><\/figure>\n","protected":false},"excerpt":{"rendered":"<p>Un poco m\u00e1s de mil asistentes se reunieron en el centro de eventos SurActivo para ser parte de la versi\u00f3n 2024 del Encuentro Regional de Empresas, EREDE, organizado por el Instituto Regional de Administraci\u00f3n de Empresas del Biob\u00edo, IRADE. La instancia congreg\u00f3 a liderazgos regionales y nacionales del mundo productivo, pol\u00edtico y social, y, estuvo &hellip;<\/p>\n","protected":false},"author":1,"featured_media":2104,"comment_status":"closed","ping_status":"closed","sticky":false,"template":"","format":"standard","meta":{"footnotes":""},"categories":[16],"tags":[],"class_list":["post-2103","post","type-post","status-publish","format-standard","has-post-thumbnail","hentry","category-actualidad"],"_links":{"self":[{"href":"https:\/\/buensonido.cl\/index.php?rest_route=\/wp\/v2\/posts\/2103","targetHints":{"allow":["GET"]}}],"collection":[{"href":"https:\/\/buensonido.cl\/index.php?rest_route=\/wp\/v2\/posts"}],"about":[{"href":"https:\/\/buensonido.cl\/index.php?rest_route=\/wp\/v2\/types\/post"}],"author":[{"embeddable":true,"href":"https:\/\/buensonido.cl\/index.php?rest_route=\/wp\/v2\/users\/1"}],"replies":[{"embeddable":true,"href":"https:\/\/buensonido.cl\/index.php?rest_route=%2Fwp%2Fv2%2Fcomments&post=2103"}],"version-history":[{"count":0,"href":"https:\/\/buensonido.cl\/index.php?rest_route=\/wp\/v2\/posts\/2103\/revisions"}],"wp:featuredmedia":[{"embeddable":true,"href":"https:\/\/buensonido.cl\/index.php?rest_route=\/wp\/v2\/media\/2104"}],"wp:attachment":[{"href":"https:\/\/buensonido.cl\/index.php?rest_route=%2Fwp%2Fv2%2Fmedia&parent=2103"}],"wp:term":[{"taxonomy":"category","embeddable":true,"href":"https:\/\/buensonido.cl\/index.php?rest_route=%2Fwp%2Fv2%2Fcategories&post=2103"},{"taxonomy":"post_tag","embeddable":true,"href":"https:\/\/buensonido.cl\/index.php?rest_route=%2Fwp%2Fv2%2Ftags&post=2103"}],"curies":[{"name":"wp","href":"https:\/\/api.w.org\/{rel}","templated":true}]}}