{"id":2100,"date":"2024-10-22T21:53:48","date_gmt":"2024-10-23T00:53:48","guid":{"rendered":"https:\/\/buensonido.cl\/?p=2100"},"modified":"2024-10-22T21:53:48","modified_gmt":"2024-10-23T00:53:48","slug":"migracion-y-falta-de-oportunidades-la-nueva-imperial-estrena-single-y-video-volver-al-sur-junto-a-la-artista-espanola-amparo-sanchez","status":"publish","type":"post","link":"https:\/\/buensonido.cl\/?p=2100","title":{"rendered":"Migraci\u00f3n y falta de oportunidades:\u00a0La\u00a0Nueva\u00a0Imperial\u00a0estrena single y video, \u00abVolver al Sur\u00bb, junto a\u00a0la\u00a0artista espa\u00f1ola, Amparo S\u00e1nchez"},"content":{"rendered":"\n<p>La&nbsp;<strong>La&nbsp;Nueva&nbsp;Imperial,<\/strong>&nbsp;en esta ocasi\u00f3n,&nbsp;ha unido fuerzas con&nbsp;la&nbsp;reconocida artista espa\u00f1ola&nbsp;<strong>Amparo S\u00e1nchez<\/strong>, l\u00edder del grupo&nbsp;<strong>Amparanoia<\/strong>, para dar vida a una canci\u00f3n que refleja los desaf\u00edos de&nbsp;la&nbsp;migraci\u00f3n y el retorno a las ra\u00edces.<\/p>\n\n\n\n<p>Compuesta por Sebasti\u00e1n V\u00e1squez, vocalista de&nbsp;La&nbsp;Nueva&nbsp;Imperial,&nbsp;la&nbsp;canci\u00f3n es un retrato crudo y emotivo de una realidad contempor\u00e1nea,&nbsp;la&nbsp;historia de una persona que, debido a&nbsp;la&nbsp;falta de oportunidades laborales y dificultades para financiar su educaci\u00f3n, se ve obligada a regresar a su lugar de origen.<br><br>Esta narrativa, tan cercana a muchas realidades en Am\u00e9rica Latina y el mundo, resuena con fuerza en&nbsp;la&nbsp;voz de<strong>&nbsp;Amparo S\u00e1nchez,<\/strong>&nbsp;quien aporta su inconfundible estilo y sensibilidad al sencillo que propone&nbsp;<strong>La&nbsp;Nueva&nbsp;Imperial.<\/strong><\/p>\n\n\n\n<p>Musicalmente,<strong>&nbsp;\u201cVolver al Sur\u201d<\/strong>&nbsp;mezcla de manera elegante el&nbsp;<strong>jazz huachaca<\/strong>&nbsp;con matices de corrido y bolero, g\u00e9neros caracter\u00edsticos de&nbsp;La&nbsp;Nueva&nbsp;Imperial, a\u00f1adiendo un toque distintivo al single.&nbsp;La&nbsp;participaci\u00f3n especial de Mart\u00edn Poblete en&nbsp;la&nbsp;arm\u00f3nica da a&nbsp;la&nbsp;canci\u00f3n una textura mel\u00f3dica que pretende conectar profundamente con los oyentes, invit\u00e1ndolos a un viaje sonoro cargado de nostalgia y esperanza.<\/p>\n\n\n\n<p>Cabe mencionar, que&nbsp;la&nbsp;colaboraci\u00f3n entre&nbsp;La&nbsp;Nueva&nbsp;Imperial&nbsp;y Amparo S\u00e1nchez naci\u00f3 de manera espont\u00e1nea durante&nbsp;la&nbsp;gira que&nbsp;la&nbsp;banda chilena realiz\u00f3 en Espa\u00f1a en octubre de 2023. El grupo visit\u00f3 ciudades como&nbsp;<strong>Barcelona<\/strong>&nbsp;y&nbsp;<strong>Madrid<\/strong>, donde tuvieron&nbsp;la&nbsp;oportunidad de conocer a Amparo tras una de sus presentaciones,&nbsp;encuentro que marc\u00f3 el inicio de una amistad que, aunque a distancia, floreci\u00f3 en esta colaboraci\u00f3n creativa que culmina en \u201cVolver al Sur\u201d.<\/p>\n\n\n\n<p>El single \u00abVolver al Sur\u00bb de&nbsp;La&nbsp;Nueva&nbsp;Imperial&nbsp;ft. Amparo S\u00e1nchez, ya se encuentra disponible en todas las plataformas de streaming. Para m\u00e1s informaci\u00f3n sobre \u00e9ste y pr\u00f3ximos estrenos, visita las redes sociales de&nbsp;la&nbsp;banda.&nbsp;<\/p>\n\n\n\n<figure class=\"wp-block-image size-large\"><img decoding=\"async\" src=\"https:\/\/buensonido.cl\/wp-content\/uploads\/2024\/10\/unnamed-2-1024x683.jpg\" alt=\"\" class=\"wp-image-2101\"\/><\/figure>\n","protected":false},"excerpt":{"rendered":"<p>La&nbsp;La&nbsp;Nueva&nbsp;Imperial,&nbsp;en esta ocasi\u00f3n,&nbsp;ha unido fuerzas con&nbsp;la&nbsp;reconocida artista espa\u00f1ola&nbsp;Amparo S\u00e1nchez, l\u00edder del grupo&nbsp;Amparanoia, para dar vida a una canci\u00f3n que refleja los desaf\u00edos de&nbsp;la&nbsp;migraci\u00f3n y el retorno a las ra\u00edces. Compuesta por Sebasti\u00e1n V\u00e1squez, vocalista de&nbsp;La&nbsp;Nueva&nbsp;Imperial,&nbsp;la&nbsp;canci\u00f3n es un retrato crudo y emotivo de una realidad contempor\u00e1nea,&nbsp;la&nbsp;historia de una persona que, debido a&nbsp;la&nbsp;falta de oportunidades laborales y &hellip;<\/p>\n","protected":false},"author":1,"featured_media":2101,"comment_status":"closed","ping_status":"closed","sticky":false,"template":"","format":"standard","meta":{"footnotes":""},"categories":[1],"tags":[],"class_list":["post-2100","post","type-post","status-publish","format-standard","has-post-thumbnail","hentry","category-uncategorized"],"_links":{"self":[{"href":"https:\/\/buensonido.cl\/index.php?rest_route=\/wp\/v2\/posts\/2100","targetHints":{"allow":["GET"]}}],"collection":[{"href":"https:\/\/buensonido.cl\/index.php?rest_route=\/wp\/v2\/posts"}],"about":[{"href":"https:\/\/buensonido.cl\/index.php?rest_route=\/wp\/v2\/types\/post"}],"author":[{"embeddable":true,"href":"https:\/\/buensonido.cl\/index.php?rest_route=\/wp\/v2\/users\/1"}],"replies":[{"embeddable":true,"href":"https:\/\/buensonido.cl\/index.php?rest_route=%2Fwp%2Fv2%2Fcomments&post=2100"}],"version-history":[{"count":0,"href":"https:\/\/buensonido.cl\/index.php?rest_route=\/wp\/v2\/posts\/2100\/revisions"}],"wp:featuredmedia":[{"embeddable":true,"href":"https:\/\/buensonido.cl\/index.php?rest_route=\/wp\/v2\/media\/2101"}],"wp:attachment":[{"href":"https:\/\/buensonido.cl\/index.php?rest_route=%2Fwp%2Fv2%2Fmedia&parent=2100"}],"wp:term":[{"taxonomy":"category","embeddable":true,"href":"https:\/\/buensonido.cl\/index.php?rest_route=%2Fwp%2Fv2%2Fcategories&post=2100"},{"taxonomy":"post_tag","embeddable":true,"href":"https:\/\/buensonido.cl\/index.php?rest_route=%2Fwp%2Fv2%2Ftags&post=2100"}],"curies":[{"name":"wp","href":"https:\/\/api.w.org\/{rel}","templated":true}]}}