{"id":2091,"date":"2024-10-14T12:06:48","date_gmt":"2024-10-14T15:06:48","guid":{"rendered":"https:\/\/buensonido.cl\/?p=2091"},"modified":"2024-10-14T12:06:48","modified_gmt":"2024-10-14T15:06:48","slug":"destacan-aumento-en-el-presupuesto-regional-en-la-presentacion-del-plan-para-enfrentar-incendios-forestales-en-el-biobio","status":"publish","type":"post","link":"https:\/\/buensonido.cl\/?p=2091","title":{"rendered":"Destacan aumento en el presupuesto regional en la presentaci\u00f3n del plan para enfrentar incendios forestales en el Biob\u00edo"},"content":{"rendered":"\n<p>El Ministerio de Agricultura, a trav\u00e9s de la Corporaci\u00f3n Nacional Forestal, CONAF, realiz\u00f3 el lanzamiento oficial del Plan Regional de Acci\u00f3n, Prevenci\u00f3n y Mitigaci\u00f3n de Incendios Forestales 2024-2025, en la Regi\u00f3n del Biob\u00edo. Durante la ceremonia, que se realiz\u00f3 en el Aeropuerto Carriel Sur, se destac\u00f3 el aumento hist\u00f3rico del presupuesto de m\u00e1s de&nbsp;<strong>156 mil millones de pesos para el combate de incendios forestales a nivel nacional<\/strong>, de los cuales $20.867.158 corresponden a la regi\u00f3n.<\/p>\n\n\n\n<p>Este monto asignado permitir\u00e1 mantener &nbsp;42 &nbsp;brigadas, de las cuales, cuatro de ellas son nocturnas. Esto se traducir\u00e1 en m\u00e1s de 480 brigadistas que se desplegar\u00e1n en las tres provincias.<\/p>\n\n\n\n<p>En cuanto a recursos a\u00e9reos, la regi\u00f3n del Biob\u00edo dispondr\u00e1 de 11 aeronaves con distintas caracter\u00edsticas t\u00e9cnicas, entre aviones y helic\u00f3pteros; adem\u00e1s de veh\u00edculos especializados y equipamiento tecnol\u00f3gico dependientes de la Corporaci\u00f3n Nacional Forestal (CONAF).<\/p>\n\n\n\n<p>Del lanzamiento particip\u00f3 el ministro de Agricultura, Esteban Valenzuela; la delegada presidencial regional, Daniela Dresdner; directora ejecutiva de CONAF, Aida Baldani; presidente de CORMA Biob\u00edo-\u00d1uble, Alejandro Casagrande; y el presidente de la Asociaci\u00f3n de Municipalidades de la Regi\u00f3n del Biob\u00edo, \u00c1lvaro Ortiz, entre otras autoridades regionales.<\/p>\n\n\n\n<p>El&nbsp;ministro de Agricultura, Esteban Valenzuela,&nbsp;subray\u00f3 que este a\u00f1o \u201cel Plan Nacional de Incendios Forestales es muy relevante porque llega a los 157.000 millones, eso es lo que invierte el Gobierno, y si uno suma el aporte que hace el sector privado estamos hablando en torno a los 300.000 millones de pesos para el combate de incendios. Tambi\u00e9n, el trabajo preventivo, esto incluye lo del Ministerio de Obras P\u00fablica, a trav\u00e9s de Vialidad y la industria el\u00e9ctrica, en cortar \u00e1rboles y mantener pastos cortados. Se trata de un trabajo mancomunado\u201d.<\/p>\n\n\n\n<p>La directora ejecutiva de CONAF, Aida Baldini, destac\u00f3 que este a\u00f1o aument\u00f3 en un 28% el presupuesto para CONAF, en relaci\u00f3n al a\u00f1o pasado. \u201cLo consolidamos y se ve en las regiones. Esta regi\u00f3n es muy particular por la cantidad de bosques que tiene y con mucha interfaz urbano-rural que nos preocupa mucho, y por eso tenemos que hacer un llamado constante a la ciudadan\u00eda para mantener los puntos alrededor de sus casas despejados de vegetaci\u00f3n. Esta lluvia que hemos tenido en los \u00faltimos d\u00edas es maravillosa en t\u00e9rminos de c\u00f3mo crece el pasto, que ahora lo vemos verde, pero lamentablemente en un mes m\u00e1s para nosotros ya no se va a llamar pasto verde, se va a llamar combustible fino muerto, que es uno de los mayores peligros y que hace correr muy r\u00e1pido los incendios. El llamado es a despejar las casas, a mantener todo limpio, los techos, preocuparse de no crear incendios por negligencia\u201d, se\u00f1al\u00f3.<\/p>\n\n\n\n<p>Respecto a la alianza entre el sector p\u00fablico y privado, Alejandro Casagrande, presidente de CORMA Biob\u00edo-\u00d1uble, indic\u00f3 que. \u00abEs fundamental valorar la estrategia que se ha implementado en el Biob\u00edo durante los \u00faltimos a\u00f1os, que se sostiene en varios pilares clave. El m\u00e1s importante es la alianza p\u00fablico-privada, donde todos los actores trabajamos con un objetivo com\u00fan: salvar vidas y proteger la naturaleza. Adem\u00e1s, un pilar que ha ganado cada vez m\u00e1s relevancia es la prevenci\u00f3n. Ante el escenario del cambio clim\u00e1tico, debemos intensificar nuestros esfuerzos en prevenci\u00f3n para enfrentar los nuevos desaf\u00edos que este fen\u00f3meno nos impone.<\/p>\n\n\n\n<p>El ejecutivo tambi\u00e9n detall\u00f3 los recursos de las empresas Corma para la temporada de incendios, destacando un despliegue significativo que incluye 22 aeronaves, 1.600 brigadistas y 45 brigadas nocturnas, las cuales, en situaciones de emergencia, pueden llegar a incrementarse hasta 100.<\/p>\n\n\n\n<p>Durante el periodo 2023-2024 se registr\u00f3 un total de 1.407 incendios, un 29% menor que la temporada anterior, afectando una superficie de 5.334 mil hect\u00e1reas quemadas.&nbsp;<\/p>\n\n\n\n<figure class=\"wp-block-image size-large\"><img decoding=\"async\" src=\"https:\/\/buensonido.cl\/wp-content\/uploads\/2024\/10\/lanzamiento-de-incendios-6-1024x682.jpeg\" alt=\"\" class=\"wp-image-2092\"\/><\/figure>\n","protected":false},"excerpt":{"rendered":"<p>El Ministerio de Agricultura, a trav\u00e9s de la Corporaci\u00f3n Nacional Forestal, CONAF, realiz\u00f3 el lanzamiento oficial del Plan Regional de Acci\u00f3n, Prevenci\u00f3n y Mitigaci\u00f3n de Incendios Forestales 2024-2025, en la Regi\u00f3n del Biob\u00edo. Durante la ceremonia, que se realiz\u00f3 en el Aeropuerto Carriel Sur, se destac\u00f3 el aumento hist\u00f3rico del presupuesto de m\u00e1s de&nbsp;156 mil &hellip;<\/p>\n","protected":false},"author":1,"featured_media":2092,"comment_status":"closed","ping_status":"closed","sticky":false,"template":"","format":"standard","meta":{"footnotes":""},"categories":[16],"tags":[],"class_list":["post-2091","post","type-post","status-publish","format-standard","has-post-thumbnail","hentry","category-actualidad"],"_links":{"self":[{"href":"https:\/\/buensonido.cl\/index.php?rest_route=\/wp\/v2\/posts\/2091","targetHints":{"allow":["GET"]}}],"collection":[{"href":"https:\/\/buensonido.cl\/index.php?rest_route=\/wp\/v2\/posts"}],"about":[{"href":"https:\/\/buensonido.cl\/index.php?rest_route=\/wp\/v2\/types\/post"}],"author":[{"embeddable":true,"href":"https:\/\/buensonido.cl\/index.php?rest_route=\/wp\/v2\/users\/1"}],"replies":[{"embeddable":true,"href":"https:\/\/buensonido.cl\/index.php?rest_route=%2Fwp%2Fv2%2Fcomments&post=2091"}],"version-history":[{"count":0,"href":"https:\/\/buensonido.cl\/index.php?rest_route=\/wp\/v2\/posts\/2091\/revisions"}],"wp:featuredmedia":[{"embeddable":true,"href":"https:\/\/buensonido.cl\/index.php?rest_route=\/wp\/v2\/media\/2092"}],"wp:attachment":[{"href":"https:\/\/buensonido.cl\/index.php?rest_route=%2Fwp%2Fv2%2Fmedia&parent=2091"}],"wp:term":[{"taxonomy":"category","embeddable":true,"href":"https:\/\/buensonido.cl\/index.php?rest_route=%2Fwp%2Fv2%2Fcategories&post=2091"},{"taxonomy":"post_tag","embeddable":true,"href":"https:\/\/buensonido.cl\/index.php?rest_route=%2Fwp%2Fv2%2Ftags&post=2091"}],"curies":[{"name":"wp","href":"https:\/\/api.w.org\/{rel}","templated":true}]}}