{"id":2061,"date":"2024-10-07T11:18:26","date_gmt":"2024-10-07T14:18:26","guid":{"rendered":"https:\/\/buensonido.cl\/?p=2061"},"modified":"2024-10-07T11:18:26","modified_gmt":"2024-10-07T14:18:26","slug":"feriantes-del-biobio-firman-proyecto-de-ferias-libres-de-sercotec","status":"publish","type":"post","link":"https:\/\/buensonido.cl\/?p=2061","title":{"rendered":"Feriantes del Biob\u00edo Firman Proyecto de Ferias Libres de Sercotec"},"content":{"rendered":"\n<p>Feriantes de distintos sectores de la Regi\u00f3n del Biob\u00edo visitaron las oficinas de Sercotec en Concepci\u00f3n para la firma oficial de los contratos que les adjudican los recursos del programa Ferias Libres. Este proyecto tiene como objetivo fortalecer la infraestructura y mejorar los servicios de las ferias libres de la regi\u00f3n, contribuyendo al desarrollo y modernizaci\u00f3n de estos espacios de comercio tradicional.<\/p>\n\n\n\n<p>Oclides Anr\u00edquez, director &nbsp;regional de Sercotec, explic\u00f3 que este es un concurso regular de la instituci\u00f3n y que todos los beneficiarios seleccionados han sido evaluados rigurosamente. \u201cCon la firma de estos contratos, los feriantes pueden comenzar a implementar sus planes de trabajo, que en la mayor\u00eda de los casos implican la compra de implementos como toldos, balanzas y mesas. Esto les permitir\u00e1 mejorar el servicio que entregan a sus clientes\u201d, se\u00f1al\u00f3 Anr\u00edquez. Adem\u00e1s, destac\u00f3 que una segunda l\u00ednea del programa est\u00e1 enfocada en la innovaci\u00f3n, con mejoras en \u00e1reas como los sistemas de servicio higi\u00e9nico y la gesti\u00f3n de residuos.<\/p>\n\n\n\n<p>Paola Huenchuman, directora nacional y presidenta regional de las ferias libres, subray\u00f3 la importancia de este proyecto para los feriantes: \u201cPara nosotros esto es un empezar, porque esperamos que el proyecto Sercotec pueda ampliarse mucho m\u00e1s con el tiempo. Nos ayuda a avanzar como feriantes y a concretar proyectos para nuestras ferias, ya sean rotativas o establecidas\u201d.<\/p>\n\n\n\n<p>M\u00f3nica Garc\u00e9s, presidenta del sindicato de la Feria Libre El Esfuerzo del sector Cerro Alto en la comuna de Los \u00c1lamos, expres\u00f3 su satisfacci\u00f3n: \u201cEstamos muy contentas porque nuestra feria gan\u00f3 un proyecto Sercotec, lo que nos permitir\u00e1 avanzar hacia la dignidad en nuestra feria, mejorando las condiciones tanto para los feriantes como para los adultos mayores, y generando un ambiente m\u00e1s c\u00f3modo para todos\u201d.<\/p>\n\n\n\n<p>Finalmente, Ema Uribe, tesorera del Sindicato N\u00ba1 de la Feria de Coronel, celebr\u00f3 el logro de su feria: \u201cCon este proyecto podemos trabajar de una manera m\u00e1s digna, con carpas y pesas adecuadas. Es un orgullo que Sercotec est\u00e9 presente en la vida de la feria libre de Coronel y que hayamos sido seleccionados para llevar estos beneficios a nuestros compa\u00f1eros\u201d.<\/p>\n\n\n\n<p>Con esta firma, se da inicio oficial a la implementaci\u00f3n de los planes de trabajo de 10 organizaciones de ferias libres de Los \u00c1ngeles, Tom\u00e9, Concepci\u00f3n, Coronel, Lota, Arauco y Los \u00c1lamos, quienes deber\u00e1n ejecutar sus proyectos antes del 31 de diciembre de 2024. Este esfuerzo de Sercotec busca seguir impulsando la modernizaci\u00f3n y profesionalizaci\u00f3n de las ferias libres en todo el pa\u00eds, apoyando a peque\u00f1os comerciantes que dependen de estos espacios para su sustento.<\/p>\n\n\n\n<figure class=\"wp-block-image size-large\"><img decoding=\"async\" src=\"https:\/\/buensonido.cl\/wp-content\/uploads\/2024\/10\/IMG_2855235B52BD-1-982x1024.jpeg\" alt=\"\" class=\"wp-image-2062\"\/><\/figure>\n\n\n\n<figure class=\"wp-block-image size-large\"><img decoding=\"async\" src=\"https:\/\/buensonido.cl\/wp-content\/uploads\/2024\/10\/IMG_3985-1024x576.png\" alt=\"\" class=\"wp-image-2063\"\/><\/figure>\n","protected":false},"excerpt":{"rendered":"<p>Feriantes de distintos sectores de la Regi\u00f3n del Biob\u00edo visitaron las oficinas de Sercotec en Concepci\u00f3n para la firma oficial de los contratos que les adjudican los recursos del programa Ferias Libres. Este proyecto tiene como objetivo fortalecer la infraestructura y mejorar los servicios de las ferias libres de la regi\u00f3n, contribuyendo al desarrollo y &hellip;<\/p>\n","protected":false},"author":1,"featured_media":2062,"comment_status":"closed","ping_status":"closed","sticky":false,"template":"","format":"standard","meta":{"footnotes":""},"categories":[16],"tags":[],"class_list":["post-2061","post","type-post","status-publish","format-standard","has-post-thumbnail","hentry","category-actualidad"],"_links":{"self":[{"href":"https:\/\/buensonido.cl\/index.php?rest_route=\/wp\/v2\/posts\/2061","targetHints":{"allow":["GET"]}}],"collection":[{"href":"https:\/\/buensonido.cl\/index.php?rest_route=\/wp\/v2\/posts"}],"about":[{"href":"https:\/\/buensonido.cl\/index.php?rest_route=\/wp\/v2\/types\/post"}],"author":[{"embeddable":true,"href":"https:\/\/buensonido.cl\/index.php?rest_route=\/wp\/v2\/users\/1"}],"replies":[{"embeddable":true,"href":"https:\/\/buensonido.cl\/index.php?rest_route=%2Fwp%2Fv2%2Fcomments&post=2061"}],"version-history":[{"count":0,"href":"https:\/\/buensonido.cl\/index.php?rest_route=\/wp\/v2\/posts\/2061\/revisions"}],"wp:featuredmedia":[{"embeddable":true,"href":"https:\/\/buensonido.cl\/index.php?rest_route=\/wp\/v2\/media\/2062"}],"wp:attachment":[{"href":"https:\/\/buensonido.cl\/index.php?rest_route=%2Fwp%2Fv2%2Fmedia&parent=2061"}],"wp:term":[{"taxonomy":"category","embeddable":true,"href":"https:\/\/buensonido.cl\/index.php?rest_route=%2Fwp%2Fv2%2Fcategories&post=2061"},{"taxonomy":"post_tag","embeddable":true,"href":"https:\/\/buensonido.cl\/index.php?rest_route=%2Fwp%2Fv2%2Ftags&post=2061"}],"curies":[{"name":"wp","href":"https:\/\/api.w.org\/{rel}","templated":true}]}}