{"id":2045,"date":"2024-10-01T12:55:15","date_gmt":"2024-10-01T15:55:15","guid":{"rendered":"https:\/\/buensonido.cl\/?p=2045"},"modified":"2024-10-01T12:55:15","modified_gmt":"2024-10-01T15:55:15","slug":"cuidadoras-conectadas-reciben-de-forma-gratuita-celulares-con-internet-por-un-ano-en-tirua-y-santa-juana","status":"publish","type":"post","link":"https:\/\/buensonido.cl\/?p=2045","title":{"rendered":"\u00abCuidadoras Conectadas\u201d reciben de forma gratuita celulares con internet por un a\u00f1o en Tir\u00faa y Santa Juana"},"content":{"rendered":"\n<p>\u201cCuidadoras Conectadas\u201d es un programa que entrega herramientas digitales a mujeres con credencial de cuidadoras \u2013 del Registro oficial de cuidadores &#8211; aportando en el goce de sus derechos y en el desarrollo de su autonom\u00eda econ\u00f3mica. A nivel pa\u00eds, son un total de 900 beneficiarias, de las cu\u00e1les 60 son de la Regi\u00f3n del Biob\u00edo: 40 de Tir\u00faa y 20 de Santa Juana.&nbsp;<\/p>\n\n\n\n<p>Este beneficio se genera gracias al Fondo para la Igualdad, del Ministerio de la Mujer y Equidad de G\u00e9nero, en colaboraci\u00f3n con el Ministerio de Transportes y Telecomunicaciones, por medio de la Subsecretar\u00eda de Telecomunicaciones (Subtel), en convenio con PRODEMU y apoyo del Ministerio de Desarrollo Social y Familia.&nbsp;<\/p>\n\n\n\n<p>El programa consiste en la entrega de un celular con llamadas e internet por un a\u00f1o, adem\u00e1s de aplicaciones y sesiones de capacitaci\u00f3n. Todo esto, les permitir\u00e1 a las cuidadoras, tener conectividad digital y herramientas indispensables para el proceso de optimizaci\u00f3n y alfabetizaci\u00f3n digital que desarrollar\u00e1n los equipos t\u00e9cnicos de PRODEMU, a trav\u00e9s de un curso, acompa\u00f1ando el proceso de las beneficiarias y aprovechando al m\u00e1ximo el recurso.<\/p>\n\n\n\n<p>En ese sentido, la seremi de la Mujer y la Equidad de G\u00e9nero, Camila Contreras, se\u00f1al\u00f3 que \u00abesto es un compromiso del Gobierno y distintos actores, donde trabajamos para las mujeres cuidadoras y las personas que son cuidadas, y es parte de una pol\u00edtica p\u00fablica, de una visi\u00f3n pa\u00eds que tiene nuestro presidente y, no solamente en el \u00e1mbito de los cuidados, sino tambi\u00e9n en el desarrollo de las mujeres a trav\u00e9s de otros programas que son financiados por el Fondo para la Igualdad y que son un apoy permanente en el tiempo\u00bb.<\/p>\n\n\n\n<p>Asimismo, H\u00e9ctor D\u00edaz, seremi de&nbsp;Transporte y Telecomunicaciones, manifest\u00f3 que \u201cpara nosotros, una de las tareas esenciales, es la de mejorar la conectividad, en este caso, la conectividad digital. Y, es por eso, que nos sentimos muy felices de participar, en esta pol\u00edtica p\u00fablica, porque estamos seguros y convencidos de que una mejor conectividad, es una mejor calidad de vida. Hoy, estamos demostrando algo que es muy real, como es la entrega de un equipo que les va a permitir a este grupo de cuidadoras conectarse de mejor manera, poder hacer su compleja tarea un poco m\u00e1s aliviada y de esta manera apoyarlas en lo que realizan d\u00eda a d\u00eda\u201d.&nbsp;&nbsp;<\/p>\n\n\n\n<p>Las oportunidades para las mujeres cuidadoras que est\u00e1n beneficiadas con este programa, en Tir\u00faa y Santa Juana, podr\u00e1n mejorar, ya que con un buen equipo, una mejor conexi\u00f3n a internet, un acompa\u00f1amiento en su uso, les permitir\u00e1 optimizar su tiempo en cuanto a tr\u00e1mites para ellas y quienes cuidan, as\u00ed como el acceso a la informaci\u00f3n y beneficios.&nbsp;<\/p>\n\n\n\n<p>Sobre ello, Hedson D\u00edaz, seremi de Desarrollo Social y Familia, explica que \u201cen la Regi\u00f3n del Biob\u00edo, llevamos m\u00e1s de 17.900 personas inscritas en el complemento del Registro Social de Hogares (RSH), en el complemento de cuidado, y de ese de ese n\u00famero, el 87% son mujeres. Por tanto, es una tarea que hist\u00f3ricamente desarrollaron las mujeres y, por cierto, el compromiso del Presidente Boric es apoyar esta tarea, con perspectiva de g\u00e9nero. Para que nunca m\u00e1s sean visibilizadas y tenga el apoyo del Estado\u201d, finaliz\u00f3.<\/p>\n\n\n\n<p><strong>Acompa\u00f1amiento a cuidadoras<\/strong><\/p>\n\n\n\n<p>La iniciativa busca acompa\u00f1ar al grupo de beneficiarias, a trav\u00e9s de seis sesiones de capacitaci\u00f3n online, para que puedan utilizar de la mejor forma las herramientas de su tel\u00e9fono, y as\u00ed, acortar la brecha digital, para quienes desconozcan plataformas como Whatsapp, Zoom, Meet, Redes Sociales y las apps de Google.<\/p>\n\n\n\n<p>Sobre ello, Sara Quilaman, beneficiaria y presidenta de la agrupaci\u00f3n Lawen Mapu de Tir\u00faa expres\u00f3 estar \u201cmuy feliz de haber obtenido este celular, porque me va a servir mucho y no solo a m\u00ed, sino que todas las personas que recibimos este regalo. Va a ser muy importante para estar conectadas con nuestras familias. De todas formas, me gustar\u00eda decir que el cargo de tener los cuidados de las personas, siempre recae en uno o dos de las familias, yo creo que hay que poner \u00e9nfasis tambi\u00e9n a la responsabilidad de cada uno, a que los dem\u00e1s se hagan presentes de los cuidados que necesitan, por ejemplo, nuestros padres. Creo que se podr\u00eda mejorar las condiciones, al tomar conciencia, y no hacer abandono de los adultos mayores, porque ah\u00ed est\u00e1 la sabidur\u00eda para nosotros y las nuevas generaciones\u201d, reflexion\u00f3 la beneficiaria.<\/p>\n\n\n\n<p>Otra de las participantes, Rosa Lara,&nbsp;vecina del sector de Huallerehue del Santa Juana,&nbsp;indic\u00f3 que \u201cesto me va a servir para poder, con el tel\u00e9fono, aprender el manejo de \u00e9l, su uso, poder hacer tr\u00e1mites sin tener que salir de casa y estar al cuidado de mi hija y hacer todo lo que tiene que ver con la tecnolog\u00eda de ahora. Ver p\u00e1ginas que son de ayudas espec\u00edficas para el cuidado de ella, o poder pedir hora para el Hospital. Todos esos tr\u00e1mites ahora, lo puedo hacer a trav\u00e9s de esto\u201d.&nbsp;<\/p>\n\n\n\n<p>Finalmente, las autoridades felicitaron el avance y nuevas opciones de las beneficiarias que, con este nuevo kit de conectividad, podr\u00e1n acceder a beneficios que buscan mejorar su calidad de vida y condiciones en el cuidado de otras personas.<\/p>\n\n\n\n<figure class=\"wp-block-image size-large\"><img decoding=\"async\" src=\"https:\/\/buensonido.cl\/wp-content\/uploads\/2024\/10\/CUIDADO-6-1024x683.jpeg\" alt=\"\" class=\"wp-image-2046\"\/><\/figure>\n\n\n\n<figure class=\"wp-block-image size-large\"><img decoding=\"async\" src=\"https:\/\/buensonido.cl\/wp-content\/uploads\/2024\/10\/CUIDADO3-1024x682.jpeg\" alt=\"\" class=\"wp-image-2047\"\/><\/figure>\n","protected":false},"excerpt":{"rendered":"<p>\u201cCuidadoras Conectadas\u201d es un programa que entrega herramientas digitales a mujeres con credencial de cuidadoras \u2013 del Registro oficial de cuidadores &#8211; aportando en el goce de sus derechos y en el desarrollo de su autonom\u00eda econ\u00f3mica. A nivel pa\u00eds, son un total de 900 beneficiarias, de las cu\u00e1les 60 son de la Regi\u00f3n del &hellip;<\/p>\n","protected":false},"author":1,"featured_media":2047,"comment_status":"closed","ping_status":"closed","sticky":false,"template":"","format":"standard","meta":{"footnotes":""},"categories":[16],"tags":[],"class_list":["post-2045","post","type-post","status-publish","format-standard","has-post-thumbnail","hentry","category-actualidad"],"_links":{"self":[{"href":"https:\/\/buensonido.cl\/index.php?rest_route=\/wp\/v2\/posts\/2045","targetHints":{"allow":["GET"]}}],"collection":[{"href":"https:\/\/buensonido.cl\/index.php?rest_route=\/wp\/v2\/posts"}],"about":[{"href":"https:\/\/buensonido.cl\/index.php?rest_route=\/wp\/v2\/types\/post"}],"author":[{"embeddable":true,"href":"https:\/\/buensonido.cl\/index.php?rest_route=\/wp\/v2\/users\/1"}],"replies":[{"embeddable":true,"href":"https:\/\/buensonido.cl\/index.php?rest_route=%2Fwp%2Fv2%2Fcomments&post=2045"}],"version-history":[{"count":0,"href":"https:\/\/buensonido.cl\/index.php?rest_route=\/wp\/v2\/posts\/2045\/revisions"}],"wp:featuredmedia":[{"embeddable":true,"href":"https:\/\/buensonido.cl\/index.php?rest_route=\/wp\/v2\/media\/2047"}],"wp:attachment":[{"href":"https:\/\/buensonido.cl\/index.php?rest_route=%2Fwp%2Fv2%2Fmedia&parent=2045"}],"wp:term":[{"taxonomy":"category","embeddable":true,"href":"https:\/\/buensonido.cl\/index.php?rest_route=%2Fwp%2Fv2%2Fcategories&post=2045"},{"taxonomy":"post_tag","embeddable":true,"href":"https:\/\/buensonido.cl\/index.php?rest_route=%2Fwp%2Fv2%2Ftags&post=2045"}],"curies":[{"name":"wp","href":"https:\/\/api.w.org\/{rel}","templated":true}]}}