{"id":2028,"date":"2024-09-02T12:19:16","date_gmt":"2024-09-02T15:19:16","guid":{"rendered":"https:\/\/buensonido.cl\/?p=2028"},"modified":"2024-09-02T12:19:16","modified_gmt":"2024-09-02T15:19:16","slug":"emana-celebrara-sus-18-anos-de-vida-musical-con-un-espectaculo-de-primer-nivel-en-el-teatro-biobio","status":"publish","type":"post","link":"https:\/\/buensonido.cl\/?p=2028","title":{"rendered":"Emana celebrar\u00e1 sus 18 a\u00f1os de vida musical con un espect\u00e1culo de primer nivel en el Teatro Biob\u00edo"},"content":{"rendered":"\n<p>La banda de rock pop penquista Emana no ha detenido su marcha en estos 18 a\u00f1os de vida musical. Con m\u00e1s de 40 canciones grabadas, 2 LPs, 4 Eps y singles con amplia rotaci\u00f3n radial a lo largo del pa\u00eds y tambi\u00e9n el extranjero, adem\u00e1s de importantes presentaciones en vivo compartiendo escenario con Los Tres, Jorge Gonz\u00e1lez, Jimi Jamison, Lucybell, Miguel Mateos entre otros, han hecho de esta banda un ejemplo de perseverancia, disciplina y trabajo desde Concepci\u00f3n al mundo.                <\/p>\n\n\n\n<p>Con motivo de esta celebraci\u00f3n de su \u201cmayor\u00eda de edad\u201d durante el mes de Junio estrenaron un nuevo single: \u201cEs Mejor As\u00ed\u201d, una balada de corte electropop mezclando influencias ochenteras junto a sonidos m\u00e1s actuales y que hoy se encuentra sonando en las principales radios a lo largo de Chile.                <\/p>\n\n\n\n<p>Este nuevo single sumado a lo m\u00e1s destacado de su repertorio ser\u00e1n parte del show el s\u00e1bado 07 de septiembre a las 20 horas en el Teatro Biob\u00edo en una presentaci\u00f3n de una hora y media que promete muchas sorpresas.                \u201cPara este importante evento tendremos m\u00fasicos invitados que nos acompa\u00f1aran en algunas canciones. <\/p>\n\n\n\n<p>Contaremos con Carla Verdugo, gran cantante de nuestra regi\u00f3n, Ra\u00fal Navarro vocalista y l\u00edder de la banda de reggae \u201cVibraci\u00f3n Eleva\u201d, Yoyo Infante vocalista de la banda de hard rock \u201cPeter Ron\u201d y un invitado desde Vi\u00f1a del Mar, nuestro querido Lucho Mu\u00f1oz, locutor y voz oficial de Radio Futuro\u201d se\u00f1al\u00f3 Lucho Herrera, vocalista de Emana.                <\/p>\n\n\n\n<p>\u201cEsperamos el apoyo de nuestro p\u00fablico, amigos y seguidores que han estado con nosotros en todos estos a\u00f1os, para todos ellos estamos preparando un show con mucho cari\u00f1o que refleje lo que Emana ha sido a trav\u00e9s del tiempo\u201d palabras de Pato Mu\u00f1oz, bajista hist\u00f3rico de la banda.                <\/p>\n\n\n\n<p>Despu\u00e9s del show en el Teatro Biob\u00edo, la celebraci\u00f3n continuar\u00e1 en el pub Bohemia (ubicado en el sector de Puerto Marina en el Casino Marina del Sol) donde se espera la asistencia de todos los amigos y cercanos a la banda.                <\/p>\n\n\n\n<p>Para seguir celebrando, Emana tiene preparados dos shows m\u00e1s en el Teatro Dante en Talcahuano (s\u00e1bado 28 septiembre, retiro de tickets en el mismo teatro) y s\u00e1bado 12 de Octubre en Teatro Lota (entrada liberada).  <\/p>\n\n\n\n<figure class=\"wp-block-image size-large\"><img decoding=\"async\" src=\"https:\/\/buensonido.cl\/wp-content\/uploads\/2024\/09\/EMANA-SESION-51-1024x683.jpg\" alt=\"\" class=\"wp-image-2029\"\/><\/figure>\n","protected":false},"excerpt":{"rendered":"<p>La banda de rock pop penquista Emana no ha detenido su marcha en estos 18 a\u00f1os de vida musical. Con m\u00e1s de 40 canciones grabadas, 2 LPs, 4 Eps y singles con amplia rotaci\u00f3n radial a lo largo del pa\u00eds y tambi\u00e9n el extranjero, adem\u00e1s de importantes presentaciones en vivo compartiendo escenario con Los Tres, &hellip;<\/p>\n","protected":false},"author":1,"featured_media":2029,"comment_status":"closed","ping_status":"closed","sticky":false,"template":"","format":"standard","meta":{"footnotes":""},"categories":[1],"tags":[],"class_list":["post-2028","post","type-post","status-publish","format-standard","has-post-thumbnail","hentry","category-uncategorized"],"_links":{"self":[{"href":"https:\/\/buensonido.cl\/index.php?rest_route=\/wp\/v2\/posts\/2028","targetHints":{"allow":["GET"]}}],"collection":[{"href":"https:\/\/buensonido.cl\/index.php?rest_route=\/wp\/v2\/posts"}],"about":[{"href":"https:\/\/buensonido.cl\/index.php?rest_route=\/wp\/v2\/types\/post"}],"author":[{"embeddable":true,"href":"https:\/\/buensonido.cl\/index.php?rest_route=\/wp\/v2\/users\/1"}],"replies":[{"embeddable":true,"href":"https:\/\/buensonido.cl\/index.php?rest_route=%2Fwp%2Fv2%2Fcomments&post=2028"}],"version-history":[{"count":0,"href":"https:\/\/buensonido.cl\/index.php?rest_route=\/wp\/v2\/posts\/2028\/revisions"}],"wp:featuredmedia":[{"embeddable":true,"href":"https:\/\/buensonido.cl\/index.php?rest_route=\/wp\/v2\/media\/2029"}],"wp:attachment":[{"href":"https:\/\/buensonido.cl\/index.php?rest_route=%2Fwp%2Fv2%2Fmedia&parent=2028"}],"wp:term":[{"taxonomy":"category","embeddable":true,"href":"https:\/\/buensonido.cl\/index.php?rest_route=%2Fwp%2Fv2%2Fcategories&post=2028"},{"taxonomy":"post_tag","embeddable":true,"href":"https:\/\/buensonido.cl\/index.php?rest_route=%2Fwp%2Fv2%2Ftags&post=2028"}],"curies":[{"name":"wp","href":"https:\/\/api.w.org\/{rel}","templated":true}]}}