{"id":2006,"date":"2024-08-29T22:54:35","date_gmt":"2024-08-30T01:54:35","guid":{"rendered":"https:\/\/buensonido.cl\/?p=2006"},"modified":"2024-08-29T22:54:35","modified_gmt":"2024-08-30T01:54:35","slug":"restauracion-biodiversidad-programa-regenera-biobio-favorecio-a-5-comunas-en-el-biobio","status":"publish","type":"post","link":"https:\/\/buensonido.cl\/?p=2006","title":{"rendered":"Restauraci\u00f3n Biodiversidad: Programa Regenera Biob\u00edo favoreci\u00f3 a 5 comunas en el Biob\u00edo"},"content":{"rendered":"\n<p>La cat\u00e1strofe de los incendios del verano del 2023 azot\u00f3 extensas hect\u00e1reas de la Regi\u00f3n del Biob\u00edo y del pa\u00eds. Sectores como Santa Juana, Coronel y algunas zonas precordilleranas del Biob\u00edo vivieron intensas y dolorosas jornadas con p\u00e9rdidas humanas y materiales, adem\u00e1s de amplias \u00e1reas de bosque nativo consumidas por el fuego.<\/p>\n\n\n\n<p>S\u00f3lo en Santa Juana se quemaron alrededor de 50 mil hect\u00e1reas y en Coronel el fuego arras\u00f3 con 8 mil 500 hect\u00e1reas, por lo que, sin duda la biodiversidad fue totalmente afectada, al igual que en otras comunas como Santa B\u00e1rbara, Antuco y Quilaco,.<\/p>\n\n\n\n<p><br>\u201cTras lo vivido en los incendios, quisimos contribuir a la restauraci\u00f3n de la biodiversidad que fue afectada en la Regi\u00f3n del Biob\u00edo, pero adem\u00e1s creando valor compartido con nuestras comunidades vecinas a las centrales en operaci\u00f3n que tenemos en la zona, y no solo incluy\u00e9ndolas en el programa sino haci\u00e9ndolos protagonistas con una iniciativa de viverizaci\u00f3n y reforestaci\u00f3n comunitaria\u201d, detall\u00f3 Pamela Reyes, Especialista Ambiental de la Gerencia de Medio Ambiente de la empresa Colb\u00fan.<\/p>\n\n\n\n<p><br>Fue as\u00ed como en coordinaci\u00f3n con vecinos de las comunas de Coronel y Concepci\u00f3n (cercanas a la Central Santa Mar\u00eda), de Antuco (cercano la Central Ruc\u00fae), y de Quilaco y Santa B\u00e1rbara (cercanas a la Central Angostura), se coordinaron las reforestaciones con plantas nativas en el marco del programa \u201cRegenera Biob\u00edo\u201d. Como etapa inicial de este programa, la iniciativa contempl\u00f3 capacitaciones en viverizaci\u00f3n de especies nativas, traducidos en m\u00f3dulos de recolecci\u00f3n de semillas, siembra, cuidados culturales y mantenci\u00f3n de plantas. En este programa de capacitaci\u00f3n participaron un total de 10 familias, 5 de la zona Biob\u00edo Cordillera (Quilaco) y 5 de la zona Biob\u00edo Costa (Coronel).&nbsp;<\/p>\n\n\n\n<p><strong>Amor por la tierra<u><\/u><u><\/u><\/strong><\/p>\n\n\n\n<p>Durante todo el proceso de las capacitaciones el equipo de medio ambiente y asuntos p\u00fablicos de Colb\u00fan estuvo acompa\u00f1ando a las familias, las que pusieron no solo su esfuerzo y dedicaci\u00f3n, sino que todo su amor.<br><br>En este sentido,&nbsp;Masiel Salas, vecina del sector de San Ram\u00f3n de la comuna Quilaco,&nbsp;&nbsp;destac\u00f3 el trabajo familiar y la importancia que tuvo el proceso de aprendizaje de viveros para ayudar a la reforestaci\u00f3n indicando que&nbsp;\u201cmi mam\u00e1 y yo participamos de estos talleres de viverizaci\u00f3n de plantas nativas y ha sido muy buena esta oportunidad porque aprendimos a hacer los trasplantes, c\u00f3mo cuidarlas, c\u00f3mo sembrarlas y todo lo que se necesita para luego plantarlas en el lugar que se necesite, como lo son todos los lugares donde se quemaron tras los incendios forestales\u201d.<\/p>\n\n\n\n<p>Entre las especies sembradas, cultivadas y reforestadas destacan el roble, el peumo y el coihue. Un total de 1.300 \u00e1rboles de estas especies ya han sido plantadas reforestando sectores rurales y urbanos de Santa B\u00e1rbara, Quilaco, Antuco, Concepci\u00f3n y Coronel.<br><br>A 170 kil\u00f3metros de ah\u00ed, otra participante del programa comparte una mirada muy similar. Se trata de Ver\u00f3nica Huenullanca, representante de la comunidad ind\u00edgena Huenullanca del sector El Guayo en la comuna de Coronel, quien naci\u00f3 y creci\u00f3 en el sector, y para quien resulta muy potente contribuir a la reforestaci\u00f3n de especies nativas en el lugar. \u00abEstamos aqu\u00ed junto a representantes de distintas organizaciones de Coronel para celebrar la culminaci\u00f3n de un proyecto maravilloso de plantaci\u00f3n de \u00e1rboles nativos en nuestra comunidad. Este proyecto, que obtuvimos gracias al apoyo de Colb\u00fan, ha sido muy lindo. Aprendimos desde c\u00f3mo preparar la tierra hasta la recolecci\u00f3n de semillas y el cuidado de los arbolitos que hoy vemos aqu\u00ed. Han sido 5 o 6 meses de intenso trabajo y capacitaci\u00f3n\u00bb, destac\u00f3.<\/p>\n\n\n\n<p>\u201cEstamos muy contentos con la participaci\u00f3n y compromiso de los vecinos y vecinas, ya que en el proceso de plantaci\u00f3n fueron 15 organizaciones territoriales de estas comunas y m\u00e1s de 300 personas en total las que se desplegaron en terreno para plantar \u00e1rboles nativos en avenidas, sedes de juntas de vecinos, plazas, canchas de f\u00fatbol y otros sectores. Ha sido un trabajo asociativo hermoso donde vecinos, municipios y organizaciones se han unido por esta causa\u201d; explic\u00f3 Juli\u00e1n Perret, subgerente de Asuntos P\u00fablicos de Colb\u00fan.<\/p>\n\n\n\n<figure class=\"wp-block-image size-large\"><img decoding=\"async\" src=\"https:\/\/buensonido.cl\/wp-content\/uploads\/2024\/08\/IMG-20240826-WA0025-1024x768.jpg\" alt=\"\" class=\"wp-image-2007\"\/><\/figure>\n\n\n\n<figure class=\"wp-block-image size-large\"><img decoding=\"async\" src=\"https:\/\/buensonido.cl\/wp-content\/uploads\/2024\/08\/IMG_6828-1024x683.jpg\" alt=\"\" class=\"wp-image-2009\"\/><\/figure>\n\n\n\n<figure class=\"wp-block-image size-large\"><img decoding=\"async\" src=\"https:\/\/buensonido.cl\/wp-content\/uploads\/2024\/08\/IMG-20240826-WA0062-1024x768.jpg\" alt=\"\" class=\"wp-image-2008\"\/><\/figure>\n","protected":false},"excerpt":{"rendered":"<p>La cat\u00e1strofe de los incendios del verano del 2023 azot\u00f3 extensas hect\u00e1reas de la Regi\u00f3n del Biob\u00edo y del pa\u00eds. Sectores como Santa Juana, Coronel y algunas zonas precordilleranas del Biob\u00edo vivieron intensas y dolorosas jornadas con p\u00e9rdidas humanas y materiales, adem\u00e1s de amplias \u00e1reas de bosque nativo consumidas por el fuego. S\u00f3lo en Santa &hellip;<\/p>\n","protected":false},"author":1,"featured_media":2007,"comment_status":"closed","ping_status":"closed","sticky":false,"template":"","format":"standard","meta":{"footnotes":""},"categories":[16],"tags":[],"class_list":["post-2006","post","type-post","status-publish","format-standard","has-post-thumbnail","hentry","category-actualidad"],"_links":{"self":[{"href":"https:\/\/buensonido.cl\/index.php?rest_route=\/wp\/v2\/posts\/2006","targetHints":{"allow":["GET"]}}],"collection":[{"href":"https:\/\/buensonido.cl\/index.php?rest_route=\/wp\/v2\/posts"}],"about":[{"href":"https:\/\/buensonido.cl\/index.php?rest_route=\/wp\/v2\/types\/post"}],"author":[{"embeddable":true,"href":"https:\/\/buensonido.cl\/index.php?rest_route=\/wp\/v2\/users\/1"}],"replies":[{"embeddable":true,"href":"https:\/\/buensonido.cl\/index.php?rest_route=%2Fwp%2Fv2%2Fcomments&post=2006"}],"version-history":[{"count":0,"href":"https:\/\/buensonido.cl\/index.php?rest_route=\/wp\/v2\/posts\/2006\/revisions"}],"wp:featuredmedia":[{"embeddable":true,"href":"https:\/\/buensonido.cl\/index.php?rest_route=\/wp\/v2\/media\/2007"}],"wp:attachment":[{"href":"https:\/\/buensonido.cl\/index.php?rest_route=%2Fwp%2Fv2%2Fmedia&parent=2006"}],"wp:term":[{"taxonomy":"category","embeddable":true,"href":"https:\/\/buensonido.cl\/index.php?rest_route=%2Fwp%2Fv2%2Fcategories&post=2006"},{"taxonomy":"post_tag","embeddable":true,"href":"https:\/\/buensonido.cl\/index.php?rest_route=%2Fwp%2Fv2%2Ftags&post=2006"}],"curies":[{"name":"wp","href":"https:\/\/api.w.org\/{rel}","templated":true}]}}