{"id":1991,"date":"2024-08-24T21:47:24","date_gmt":"2024-08-25T00:47:24","guid":{"rendered":"https:\/\/buensonido.cl\/?p=1991"},"modified":"2024-08-24T21:47:24","modified_gmt":"2024-08-25T00:47:24","slug":"abordan-tematicas-de-enoturismo-y-denominacion-de-origen-en-mesa-regional-del-vino","status":"publish","type":"post","link":"https:\/\/buensonido.cl\/?p=1991","title":{"rendered":"Abordan tem\u00e1ticas de enoturismo y denominaci\u00f3n de origen en mesa regional del vino"},"content":{"rendered":"\n<figure class=\"wp-block-image size-large\"><img decoding=\"async\" src=\"https:\/\/buensonido.cl\/wp-content\/uploads\/2024\/08\/Mesa-del-Vino-1-1024x682.jpeg\" alt=\"\" class=\"wp-image-1993\"\/><\/figure>\n\n\n\n<p>Con la presentaci\u00f3n de diversos temas de importancia para el mundo vitivin\u00edcola, se llev\u00f3 cabo la Mesa Regional del Vino, organizada por la Seremi de Agricultura en la regi\u00f3n del Biob\u00edo.<\/p>\n\n\n\n<p>La jornada permiti\u00f3 abordar demandas y necesidades de los productores vitivin\u00edcolas, como tambi\u00e9n presentaciones desde el Servicio Nacional del Patrimonio Cultural con \u201cIngreso al Registro de Patrimonio Cultural Inmaterial\u201d; Instituto de Investigaciones Agropecuarias, INIA Quilamapu, con el tema de \u201cDenominaci\u00f3n de Origen en Vinos\u201d.<\/p>\n\n\n\n<p>A su vez, desde el Servicio Nacional de Turismo, Sernatur, con la exposici\u00f3n de la \u201cMesa de Enoturismo de la regi\u00f3n del Biob\u00edo\u201d, y finalmente \u201cReporte: Taller exportaci\u00f3n de Vinos\u201d desde el Servicio Agr\u00edcola y Ganadero, SAG.<\/p>\n\n\n\n<p>De la instancia particip\u00f3 la seremi de Agricultura, Pamela Gatti, en compa\u00f1\u00eda de la directora regional de INDAP, Fabiola Lara; director regional del SAG, Roberto Ferrada; director de Inia Quilamapu, Javier Chilian y representantes vitivin\u00edcolas de diversos sectores de la regi\u00f3n del Biob\u00edo.<\/p>\n\n\n\n<p>En ese sentido, la seremi de Agricultura, Pamela Gatti, apunt\u00f3 que \u201cesta Mesa Regional del Vino es una hoja de ruta para trabajar en conjunto con los peque\u00f1os vi\u00f1ateros del Biob\u00edo, a fin de dar una respuesta a las necesidades del mundo vitivin\u00edcola. Ac\u00e1 se abordaron diversos temas para desarrollar l\u00edneas estrat\u00e9gicas de desarrollo para potenciar este rubro a nivel regional\u201d.<\/p>\n\n\n\n<p>Por su parte, el director regional del SAG, Roberto Ferrada, manifest\u00f3 que \u201cson los vinos del fin del mundo y eso es algo s\u00faper importante y evidentemente estamos apoyando desde la institucionalidad con toda nuestra competencia para que se pueda ampliar y reconocer otras \u00e1reas en la denominaci\u00f3n de origen, que va a permitir, por ejemplo, exportar con una identidad mucho m\u00e1s precisa y vinculada con el territorio\u201d.<\/p>\n\n\n\n<p>En l\u00ednea con el apoyo al desarrollo de este rubro en la zona, Fabiola Lara, directora regional de INDAP, inform\u00f3 que \u00abmediante nuestro Programa de Inversiones (PDI) este mes aprobamos recursos cercanos a los 14 millones de pesos para financiar cuatro proyectos de vi\u00f1ateros, consistentes en maquinaria y equipamiento para la producci\u00f3n de vinos\u00bb. Se trata de vi\u00f1as peque\u00f1as vi\u00f1as familias en las provincias de Concepci\u00f3n y Biob\u00edo.<\/p>\n\n\n\n<p>A su vez, Patricio Cea, vi\u00f1atero de Nacimiento, se\u00f1al\u00f3 que \u201cabordamos un par de punto s\u00faper interesantes. Estamos hablando de la Denominaci\u00f3n de Origen, DO, lo que nos faltaba en el Biob\u00edo. Estamos hablando de patrimonio intangible. Nosotros hacemos una actividad patrimonial intangible para nuestras vi\u00f1as y eso es relevante para nuestro trabajo como vi\u00f1ateros\u201d.<\/p>\n\n\n\n<p>De acuerdo a los registros del Servicio Agr\u00edcola y Ganadero (SAG), existe una superficie de 2.964 hect\u00e1reas de vi\u00f1as, contando con 595 peque\u00f1os productores vitivin\u00edcolas a nivel regional.<\/p>\n\n\n\n<p>Del desglose total, 355 son apoyados con diversos instrumentos desde el Instituto de Desarrollo Agropecuario (INDAP), de los cuales una peque\u00f1a cantidad elabora vinos, al menos 66 productores identificados (19%) y una mayor parte a granel en el Valle del Biob\u00edo e Itata Sur.<\/p>\n\n\n\n<figure class=\"wp-block-image size-large\"><img decoding=\"async\" src=\"https:\/\/buensonido.cl\/wp-content\/uploads\/2024\/08\/Mesa-del-Vino-4-1024x682.jpeg\" alt=\"\" class=\"wp-image-1992\"\/><\/figure>\n","protected":false},"excerpt":{"rendered":"<p>Con la presentaci\u00f3n de diversos temas de importancia para el mundo vitivin\u00edcola, se llev\u00f3 cabo la Mesa Regional del Vino, organizada por la Seremi de Agricultura en la regi\u00f3n del Biob\u00edo. La jornada permiti\u00f3 abordar demandas y necesidades de los productores vitivin\u00edcolas, como tambi\u00e9n presentaciones desde el Servicio Nacional del Patrimonio Cultural con \u201cIngreso al &hellip;<\/p>\n","protected":false},"author":1,"featured_media":1992,"comment_status":"closed","ping_status":"closed","sticky":false,"template":"","format":"standard","meta":{"footnotes":""},"categories":[16],"tags":[],"class_list":["post-1991","post","type-post","status-publish","format-standard","has-post-thumbnail","hentry","category-actualidad"],"_links":{"self":[{"href":"https:\/\/buensonido.cl\/index.php?rest_route=\/wp\/v2\/posts\/1991","targetHints":{"allow":["GET"]}}],"collection":[{"href":"https:\/\/buensonido.cl\/index.php?rest_route=\/wp\/v2\/posts"}],"about":[{"href":"https:\/\/buensonido.cl\/index.php?rest_route=\/wp\/v2\/types\/post"}],"author":[{"embeddable":true,"href":"https:\/\/buensonido.cl\/index.php?rest_route=\/wp\/v2\/users\/1"}],"replies":[{"embeddable":true,"href":"https:\/\/buensonido.cl\/index.php?rest_route=%2Fwp%2Fv2%2Fcomments&post=1991"}],"version-history":[{"count":0,"href":"https:\/\/buensonido.cl\/index.php?rest_route=\/wp\/v2\/posts\/1991\/revisions"}],"wp:featuredmedia":[{"embeddable":true,"href":"https:\/\/buensonido.cl\/index.php?rest_route=\/wp\/v2\/media\/1992"}],"wp:attachment":[{"href":"https:\/\/buensonido.cl\/index.php?rest_route=%2Fwp%2Fv2%2Fmedia&parent=1991"}],"wp:term":[{"taxonomy":"category","embeddable":true,"href":"https:\/\/buensonido.cl\/index.php?rest_route=%2Fwp%2Fv2%2Fcategories&post=1991"},{"taxonomy":"post_tag","embeddable":true,"href":"https:\/\/buensonido.cl\/index.php?rest_route=%2Fwp%2Fv2%2Ftags&post=1991"}],"curies":[{"name":"wp","href":"https:\/\/api.w.org\/{rel}","templated":true}]}}