{"id":1981,"date":"2024-08-22T14:13:29","date_gmt":"2024-08-22T17:13:29","guid":{"rendered":"https:\/\/buensonido.cl\/?p=1981"},"modified":"2024-08-22T14:13:29","modified_gmt":"2024-08-22T17:13:29","slug":"para-fortalecer-la-seguridad-sector-centrico-de-lota-se-integra-al-programa-somos-barrio-comercial-de-la-subsecretaria-de-prevencion-del-delito","status":"publish","type":"post","link":"https:\/\/buensonido.cl\/?p=1981","title":{"rendered":"Para fortalecer la seguridad: Sector c\u00e9ntrico de Lota se integra al programa Somos Barrio Comercial de la Subsecretar\u00eda de Prevenci\u00f3n del Delito"},"content":{"rendered":"\n<p>Para fortalecer las condiciones de seguridad y reducir la posibilidad de que ocurran delitos este jueves, el sector centro de Lota se integr\u00f3 al programa Somos Barrio Comercial de la Subsecretar\u00eda de Prevenci\u00f3n del Delito.<\/p>\n\n\n\n<p>Somos Barrio Comercial apunta a reducir la victimizaci\u00f3n y mejorar la sensaci\u00f3n de inseguridad en zonas con alta concentraci\u00f3n de comercio y delito, mediante el financiamiento de proyectos de prevenci\u00f3n del delito, planes de acci\u00f3n barrial en los que participan residentes y locatarios, as\u00ed como procedimientos de control y fiscalizaci\u00f3n con las polic\u00edas y los municipios.<\/p>\n\n\n\n<p>Actualmente, esta iniciativa tiene presencia en 26 barrios del pa\u00eds de 8 regiones (entre ellos el centro de Concepci\u00f3n en el Biob\u00edo) y se ha invertido m\u00e1s de 910 millones para la ejecuci\u00f3n de proyectos, en \u00e1reas como la iluminaci\u00f3n p\u00fablica, c\u00e1maras de teleprotecci\u00f3n, recuperaci\u00f3n de espacios p\u00fablicos, entre otras.<\/p>\n\n\n\n<p>El subsecretario, Eduardo Vergara, detall\u00f3 que Somos Barrio Comercial se enmarca en el objetivo impulsado por el Gobierno del Presidente Boric de aumentar la presencia del Estado en todo el pa\u00eds y apoyar la labor tanto de las polic\u00edas como del los equipos de seguridad municipal. <\/p>\n\n\n\n<p>\u201cTomamos la decisi\u00f3n que ese programa llegar\u00e1 a la comuna y acabamos de firmar un convenio por un traspaso de recursos. Este programa por s\u00ed solo no va a solucionar todos los problemas, pero s\u00ed permite una articulaci\u00f3n estatal que antes no exist\u00eda. Quiero primero reconocer a los dirigentes y las dirigentes del comercio, de la Feria, de la hist\u00f3rica Feria de Lota, porque han empujado e impulsado esta demanda, pero tambi\u00e9n el alcalde y su equipo municipal\u201d, puntualiz\u00f3.<\/p>\n\n\n\n<p>La autoridad agreg\u00f3 que tambi\u00e9n se est\u00e1 trabajando para fomentar la denuncia por parte de la ciudadan\u00eda, para lo que se ha reforzado el servicio de entrega de informaci\u00f3n an\u00f3nima Denuncia Seguro, que a trav\u00e9s del tel\u00e9fono *4242 y el sitio www.denunciaseguro.cl permite informar sobre bandas dedicadas al narcotr\u00e1fico o el tr\u00e1fico de armas, adem\u00e1s de otros il\u00edcitos.<\/p>\n\n\n\n<p>\u201cVa a ser uno de los pilares fundamentales del trabajo que vamos a llevar adelante en Lota.  Denuncia Seguro permite informar sobre todo tipo de il\u00edcitos, pero particularmente la presencia de armas, que tambi\u00e9n tenemos que reducirla porque sabemos que menos armas es sin\u00f3nimo de m\u00e1s seguridad\u201d, subray\u00f3.<\/p>\n\n\n\n<p>La puesta en marcha de Somos Barrio Comercial en Lota contempla, asimismo, el lanzamiento en la comuna del Sello Comercio Amigo, que certifica a locatarios del sector en herramientas de prevenci\u00f3n y primera respuesta a v\u00edctimas de delitos.<\/p>\n\n\n\n<figure class=\"wp-block-image size-large\"><img decoding=\"async\" src=\"https:\/\/buensonido.cl\/wp-content\/uploads\/2024\/08\/1000167057-1024x682.jpg\" alt=\"\" class=\"wp-image-1983\"\/><\/figure>\n\n\n\n<figure class=\"wp-block-image size-large\"><img decoding=\"async\" src=\"https:\/\/buensonido.cl\/wp-content\/uploads\/2024\/08\/1000167056-1024x682.jpg\" alt=\"\" class=\"wp-image-1982\"\/><\/figure>\n","protected":false},"excerpt":{"rendered":"<p>Para fortalecer las condiciones de seguridad y reducir la posibilidad de que ocurran delitos este jueves, el sector centro de Lota se integr\u00f3 al programa Somos Barrio Comercial de la Subsecretar\u00eda de Prevenci\u00f3n del Delito. Somos Barrio Comercial apunta a reducir la victimizaci\u00f3n y mejorar la sensaci\u00f3n de inseguridad en zonas con alta concentraci\u00f3n de &hellip;<\/p>\n","protected":false},"author":1,"featured_media":1982,"comment_status":"closed","ping_status":"closed","sticky":false,"template":"","format":"standard","meta":{"footnotes":""},"categories":[1],"tags":[],"class_list":["post-1981","post","type-post","status-publish","format-standard","has-post-thumbnail","hentry","category-uncategorized"],"_links":{"self":[{"href":"https:\/\/buensonido.cl\/index.php?rest_route=\/wp\/v2\/posts\/1981","targetHints":{"allow":["GET"]}}],"collection":[{"href":"https:\/\/buensonido.cl\/index.php?rest_route=\/wp\/v2\/posts"}],"about":[{"href":"https:\/\/buensonido.cl\/index.php?rest_route=\/wp\/v2\/types\/post"}],"author":[{"embeddable":true,"href":"https:\/\/buensonido.cl\/index.php?rest_route=\/wp\/v2\/users\/1"}],"replies":[{"embeddable":true,"href":"https:\/\/buensonido.cl\/index.php?rest_route=%2Fwp%2Fv2%2Fcomments&post=1981"}],"version-history":[{"count":0,"href":"https:\/\/buensonido.cl\/index.php?rest_route=\/wp\/v2\/posts\/1981\/revisions"}],"wp:featuredmedia":[{"embeddable":true,"href":"https:\/\/buensonido.cl\/index.php?rest_route=\/wp\/v2\/media\/1982"}],"wp:attachment":[{"href":"https:\/\/buensonido.cl\/index.php?rest_route=%2Fwp%2Fv2%2Fmedia&parent=1981"}],"wp:term":[{"taxonomy":"category","embeddable":true,"href":"https:\/\/buensonido.cl\/index.php?rest_route=%2Fwp%2Fv2%2Fcategories&post=1981"},{"taxonomy":"post_tag","embeddable":true,"href":"https:\/\/buensonido.cl\/index.php?rest_route=%2Fwp%2Fv2%2Ftags&post=1981"}],"curies":[{"name":"wp","href":"https:\/\/api.w.org\/{rel}","templated":true}]}}