{"id":1950,"date":"2024-08-12T22:55:15","date_gmt":"2024-08-13T01:55:15","guid":{"rendered":"https:\/\/buensonido.cl\/?p=1950"},"modified":"2024-08-12T22:55:15","modified_gmt":"2024-08-13T01:55:15","slug":"hoy-parte-corte-nocturno-en-ruta-160-por-instalacion-de-vigas","status":"publish","type":"post","link":"https:\/\/buensonido.cl\/?p=1950","title":{"rendered":"Hoy parte corte nocturno en Ruta 160 por instalaci\u00f3n de vigas"},"content":{"rendered":"\n<p>la delegada Presidencial Regional, Daniela Dresdner, el delegado Provincial de Arauco, Humberto Toro; el Seremi de Obras P\u00fablicas, Hugo Cautivo; el Gerente General de Puente Industrial \u2013 propiedad de Aleatica-, Juan Facuse; el alcalde de San Pedro de La Paz, Javier Gui\u00f1ez; y representantes de la Serem\u00eda de Salud recorrieron la Ruta 160, en el sector Los Batros para informar de los angostamientos y cortes de tr\u00e1nsito que se realizar\u00e1n en esa v\u00eda durante las pr\u00f3ximas noches para montar el enlace con Puente Industrial, en San Pedro de la Paz.<\/p>\n\n\n\n<p>Son siete las vigas sobredimensionadas (de 43 metros de largo y 100 toneladas de pesocada una) que se instalar\u00e1n sobre la Ruta 160, desde la noche del&nbsp;<strong>lunes 12 de agosto y hasta el mi\u00e9rcoles 21 de agosto<\/strong>, sujeto a condiciones clim\u00e1ticas. Los trabajose se programaron&nbsp;<strong>entre las 23.30 hrs y las 05.30 hrs.<\/strong>, para garantizar la seguridad de la maniobra y mitigar el impacto en los usuarios de la v\u00eda, dado que a esa hora el flujo es menor.<\/p>\n\n\n\n<p>Se proceder\u00e1 al&nbsp;<strong>angostamiento<\/strong>&nbsp;en ambas direcciones de la Ruta 160,&nbsp;<strong>entre 23.30 hrs. y 02.00 hrs.<\/strong>&nbsp;en el tramo entre Coronel y Concepci\u00f3n, a la altura de Estero Los Batros y hasta el cruce Boca Sur. Luego habr\u00e1 un&nbsp;<strong>corte total<\/strong>&nbsp;del tr\u00e1nsito en ambos sentidos,&nbsp;<strong>entre las 02.00 y hasta las 03.00<\/strong>&nbsp;de la madrugada. Y a partir de las 03.00 de la ma\u00f1ana se liberar\u00e1n progresivamente las pistas y a las&nbsp;<strong>05.30 am<\/strong>&nbsp;se retomar\u00e1 el funcionamiento habitual de esa ruta hasta que se retomen las faenas a las 23.30 hrs (ver detalle de cronograma).<\/p>\n\n\n\n<p>Seg\u00fan explicaron las autoridades, estos trabajos fueron coordinados con Carabineros, Bomberos y Servicios de Salud de manera poder estar preparados afrontar esta intervenci\u00f3n en la Ruta 160 y tener planes de contingencia mientras se realizan las obras. Tambi\u00e9n precisaron que la v\u00eda alternativa que pueden tomar quienes necesiten trasladarse es Camino Patagual (Ruta O-852).<\/p>\n\n\n\n<p>La Delegada Presidencial de Biob\u00edo, Daniela Dresdner, se refiri\u00f3 a estos trabajos, indicando que \u201chay que reconocer el trabajo y avance que esto ha significado. Llevamos 73% de avance en un proyecto que la ciudadan\u00eda de la regi\u00f3n del Biob\u00edo estaba esperando hace d\u00e9cadas y eso habla de mejoras para todas y todos (\u2026) Sabemos que esto puede generar molestias en la gente que tiene que transitar en estos horarios, pero el llamado es que podamos hacernos parte en este avance para la regi\u00f3n del Biob\u00edo, con todas las precauciones que eso requiere\u201d.<\/p>\n\n\n\n<p>El Seremi de Obras P\u00fablicas, Hugo Cautivo, explic\u00f3 que \u201cEstas vigas, que son de 100 toneladas de peso, por tanto, hay un desaf\u00edo log\u00edstico desde el punto de vista de lo que significa por su envergadura el izamiento de las vigas. Son fundamentales para consolidar el viaducto Los Batros ac\u00e1 y que va a ser precisamente la ruta que van a tomar muchas personas a futuro para poder descongestionar los flujos de Pedro Aguirre Cerda y conectarse con la zona productiva de nuestra plataforma en la regi\u00f3n y lo que significa el traslado de carga y de otras especies entre la zona norte y sur de Biob\u00edo (\u2026) El llamado nuestro es a cuidarse, a la precauci\u00f3n a las personas que transitan en la Ruta 160 y a planificar sus viajes\u201d.<\/p>\n\n\n\n<p>El gerente general de Aleatica, Juan Facuse explic\u00f3 que \u201cvinimos ainformar de los trabajos que afectar\u00e1n a la Ruta 160 durante las pr\u00f3ximas noches. Lamentamos los inconvenientes que esto pueda causar, pero estas medidas son imprescindibles para conectar materialmente el Puente Industrial con la comuna de San Pedro. Es un hito muy relevante, porque empezamos a unir los extremos del puente y por eso, estamos adelantando la puesta en operaci\u00f3n para el primer semestre del pr\u00f3ximo a\u00f1o. Con esto vamos a mejorar la capacidad de cruce del r\u00edo Biob\u00edo en un 33% y la calidad de vida de los vecinos y nos sentimos muy orgullosos de c\u00f3mo regionalmente estamos construyendo esta obra, donde el 98% de los 1.000 trabajadores son de la regi\u00f3n y el 80% de los materiales que se usan ac\u00e1, como asfalto, hormig\u00f3n y acero son producidos en la Biob\u00edo\u201d.<\/p>\n\n\n\n<p>En tanto, el Alcalde de San Pedro de la Paz, Javier Gui\u00f1ez, expres\u00f3 que el Puente Industrial \u201ces una obra esperada por nosotros(\u2026) Con gran expectativa para nosotros se va a iniciar la puesta de las vigas en este cruce, en la entrada sur del Puente industrial y que va en un tiempo prudente, estar operativo y eso significa una descarga del embudo que tenemos en Los Batros y la avenida Pedro Aguirre Cerda y vamos a tener una entrada y salida de camiones desde el sector industrial por este puente\u201d.<\/p>\n\n\n\n<p><strong>Hito constructivo para Chile y Biob\u00edo<\/strong><\/p>\n\n\n\n<p>El Puente Industrial ser\u00e1 el puente m\u00e1s largo de Chile y el cuarto que cruzar\u00e1 el r\u00edo Biob\u00edo. Una vez en operaci\u00f3n, ser\u00e1 la primera autopista urbana concesionada fuera de la Regi\u00f3n Metropolitana. Mejorar\u00e1 significativamente la conectividad en el Gran Concepci\u00f3n, favoreciendo el intercambio comercial a trav\u00e9s de los puertos locales y contribuyendo a disminuir la congesti\u00f3n vehicular en la zona, al aumentar en un 33% la capacidad de cruce del r\u00edo Biob\u00edo.&nbsp;<\/p>\n\n\n\n<p>La operaci\u00f3n de este puente, junto con otros dos, reducir\u00e1 en un 20% los tiempos de traslado diario (estimaci\u00f3n del Colegio de Ingenieros de la Regi\u00f3n). En la actualidad, las obras realizadas por FCC Construcci\u00f3n Chile, registran m\u00e1s de un 73% de avance.<\/p>\n\n\n\n<figure class=\"wp-block-image size-large\"><img decoding=\"async\" src=\"https:\/\/buensonido.cl\/wp-content\/uploads\/2024\/08\/Imagen-de-WhatsApp-2024-08-12-a-las-21.53.42_e06d78a2-1024x768.jpg\" alt=\"\" class=\"wp-image-1951\"\/><\/figure>\n","protected":false},"excerpt":{"rendered":"<p>la delegada Presidencial Regional, Daniela Dresdner, el delegado Provincial de Arauco, Humberto Toro; el Seremi de Obras P\u00fablicas, Hugo Cautivo; el Gerente General de Puente Industrial \u2013 propiedad de Aleatica-, Juan Facuse; el alcalde de San Pedro de La Paz, Javier Gui\u00f1ez; y representantes de la Serem\u00eda de Salud recorrieron la Ruta 160, en el &hellip;<\/p>\n","protected":false},"author":1,"featured_media":1951,"comment_status":"closed","ping_status":"closed","sticky":false,"template":"","format":"standard","meta":{"footnotes":""},"categories":[16],"tags":[],"class_list":["post-1950","post","type-post","status-publish","format-standard","has-post-thumbnail","hentry","category-actualidad"],"_links":{"self":[{"href":"https:\/\/buensonido.cl\/index.php?rest_route=\/wp\/v2\/posts\/1950","targetHints":{"allow":["GET"]}}],"collection":[{"href":"https:\/\/buensonido.cl\/index.php?rest_route=\/wp\/v2\/posts"}],"about":[{"href":"https:\/\/buensonido.cl\/index.php?rest_route=\/wp\/v2\/types\/post"}],"author":[{"embeddable":true,"href":"https:\/\/buensonido.cl\/index.php?rest_route=\/wp\/v2\/users\/1"}],"replies":[{"embeddable":true,"href":"https:\/\/buensonido.cl\/index.php?rest_route=%2Fwp%2Fv2%2Fcomments&post=1950"}],"version-history":[{"count":0,"href":"https:\/\/buensonido.cl\/index.php?rest_route=\/wp\/v2\/posts\/1950\/revisions"}],"wp:featuredmedia":[{"embeddable":true,"href":"https:\/\/buensonido.cl\/index.php?rest_route=\/wp\/v2\/media\/1951"}],"wp:attachment":[{"href":"https:\/\/buensonido.cl\/index.php?rest_route=%2Fwp%2Fv2%2Fmedia&parent=1950"}],"wp:term":[{"taxonomy":"category","embeddable":true,"href":"https:\/\/buensonido.cl\/index.php?rest_route=%2Fwp%2Fv2%2Fcategories&post=1950"},{"taxonomy":"post_tag","embeddable":true,"href":"https:\/\/buensonido.cl\/index.php?rest_route=%2Fwp%2Fv2%2Ftags&post=1950"}],"curies":[{"name":"wp","href":"https:\/\/api.w.org\/{rel}","templated":true}]}}