{"id":1947,"date":"2024-08-12T22:50:01","date_gmt":"2024-08-13T01:50:01","guid":{"rendered":"https:\/\/buensonido.cl\/?p=1947"},"modified":"2024-08-12T22:50:01","modified_gmt":"2024-08-13T01:50:01","slug":"injuv-biobio-celebra-el-dia-internacional-delas-juventudes-con-un-evento-para-jovenes-lideres","status":"publish","type":"post","link":"https:\/\/buensonido.cl\/?p=1947","title":{"rendered":"INJUV Biob\u00edo celebra el D\u00eda Internacional delas Juventudes con un evento para J\u00f3venes L\u00edderes"},"content":{"rendered":"\n<p>En conmemoraci\u00f3n del D\u00eda Internacional de las Juventudes, el Instituto Nacional de la Juventud (INJUV) de la Regi\u00f3n del Biob\u00edo organiz\u00f3 un evento especial el 12 de agosto de 2024. Este evento, dise\u00f1ado para juventudes destacadas de la regi\u00f3n, busc\u00f3 fomentar el di\u00e1logo, la reflexi\u00f3n y la participaci\u00f3n activa en la creaci\u00f3n de iniciativas juveniles. Cont\u00f3 con la asistencia de autoridades locales, encabezadas por la delegada presidencial, Daniela Dresdner; el seremi de Desarrollo Social y Familia, Hedson D\u00edaz; el seremi del Deporte, Cristian Cartes; la directora de INJUV Biob\u00edo, Jimena Jorquera Fuentealba; y Rigoberto Marianjel, representante del Servicio de Protecci\u00f3n Especializada de Ni\u00f1ez y Adolescencia en Biob\u00edo, quienes compartieron con 20 l\u00edderes y lideresas de la regi\u00f3n del Biob\u00edo.<\/p>\n\n\n\n<p>La delegada presidencial, Daniela Dresdner, destac\u00f3 la importancia de la iniciativa: \u201cAgradecemos esta instancia llevada adelante por el INJUV, donde hemos podido reunir a l\u00edderes de distintas \u00e1reas de la regi\u00f3n del Biob\u00edo. Tenemos que seguir desarrollando los talentos y motivaciones de la juventud que nos ayuden a construir un mejor pa\u00eds.\u201d<\/p>\n\n\n\n<p>La directora de INJUV Biob\u00edo, Jimena Jorquera, subray\u00f3 que \u201cel principal objetivo de esta actividad fue proporcionar un espacio para que l\u00edderes y lideresas juveniles de la regi\u00f3n compartan sus experiencias y perspectivas, contribuyendo as\u00ed a la planificaci\u00f3n de futuras iniciativas y pol\u00edticas juveniles. Este evento tambi\u00e9n subraya el papel fundamental de las y los j\u00f3venes como agentes de cambio y busca fortalecer su impacto en sus comunidades.\u201d<\/p>\n\n\n\n<p>El evento incluy\u00f3 la participaci\u00f3n de j\u00f3venes l\u00edderes\/as locales, quienes ofrecieron sus perspectivas y experiencias inspiradoras. Ricardo Amaya, uno de los j\u00f3venes asistentes, manifest\u00f3 que \u201cme encanta que se formen estos espacios, porque uno es capaz de formar redes y escuchar diferentes versiones de un mismo hecho. Conversar, aprender y entender,\u201d asegur\u00f3 el coordinador del equipo de Fundaci\u00f3n Chile Positivo en Concepci\u00f3n.<\/p>\n\n\n\n<p>La 10ma Encuesta Nacional de Juventudes muestra un aumento en la participaci\u00f3n juvenil en organizaciones sociales, subiendo del 37,7% en 2018 a un 65,9% en 2022. Este evento responde a la creciente involucraci\u00f3n de las y los j\u00f3venes y busca seguir impulsando su liderazgo y compromiso.<\/p>\n\n\n\n<p>El evento comenz\u00f3 con una din\u00e1mica rompehielos llamada \u00abActividad Interactiva con Cubo,\u00bb en la que todos y todas las participantes se involucraron en un juego de preguntas y respuestas utilizando un cubo interactivo. Luego, se present\u00f3 un video motivacional que destac\u00f3 historias de \u00e9xito juvenil para inspirar a los (as) asistentes. Posteriormente, se llev\u00f3 a cabo un taller participativo denominado \u00abActividad de Diagn\u00f3stico con Post-its y \u00c1rboles,\u00bb en el que las personas j\u00f3venes identificaron desaf\u00edos y oportunidades en su entorno.<\/p>\n\n\n\n<p>El seremi de Desarrollo Social y Familia, Hedson D\u00edaz, evalu\u00f3 de forma positiva la actividad: \u201cMuchas gracias a las y los j\u00f3venes que hoy asistieron, por ser parte del cambio, mover las ideas y ponerse al servicio de la regi\u00f3n.\u201d<\/p>\n\n\n\n<p>La actividad finaliz\u00f3 con un desayuno para las y los asistentes y la entrega de agendas personalizadas y obsequios en reconocimiento a su contribuci\u00f3n y participaci\u00f3n.<\/p>\n\n\n\n<p><strong>Invitamos a todas las y los j\u00f3venes a estar atentos a las diferentes actividades de INJUV siguiendo nuestra cuenta de Instagram: <\/strong><a href=\"https:\/\/www.instagram.com\/injuvbiobio\/\"><strong>@injuvbiobio<\/strong><\/a><strong>.<\/strong><\/p>\n\n\n\n<figure class=\"wp-block-image size-large\"><img decoding=\"async\" src=\"https:\/\/buensonido.cl\/wp-content\/uploads\/2024\/08\/a13a069a-5fbc-4148-ade8-c6a4c6774d45-1024x787.jpg\" alt=\"\" class=\"wp-image-1948\"\/><\/figure>\n","protected":false},"excerpt":{"rendered":"<p>En conmemoraci\u00f3n del D\u00eda Internacional de las Juventudes, el Instituto Nacional de la Juventud (INJUV) de la Regi\u00f3n del Biob\u00edo organiz\u00f3 un evento especial el 12 de agosto de 2024. Este evento, dise\u00f1ado para juventudes destacadas de la regi\u00f3n, busc\u00f3 fomentar el di\u00e1logo, la reflexi\u00f3n y la participaci\u00f3n activa en la creaci\u00f3n de iniciativas juveniles. &hellip;<\/p>\n","protected":false},"author":1,"featured_media":1948,"comment_status":"closed","ping_status":"closed","sticky":false,"template":"","format":"standard","meta":{"footnotes":""},"categories":[16],"tags":[],"class_list":["post-1947","post","type-post","status-publish","format-standard","has-post-thumbnail","hentry","category-actualidad"],"_links":{"self":[{"href":"https:\/\/buensonido.cl\/index.php?rest_route=\/wp\/v2\/posts\/1947","targetHints":{"allow":["GET"]}}],"collection":[{"href":"https:\/\/buensonido.cl\/index.php?rest_route=\/wp\/v2\/posts"}],"about":[{"href":"https:\/\/buensonido.cl\/index.php?rest_route=\/wp\/v2\/types\/post"}],"author":[{"embeddable":true,"href":"https:\/\/buensonido.cl\/index.php?rest_route=\/wp\/v2\/users\/1"}],"replies":[{"embeddable":true,"href":"https:\/\/buensonido.cl\/index.php?rest_route=%2Fwp%2Fv2%2Fcomments&post=1947"}],"version-history":[{"count":0,"href":"https:\/\/buensonido.cl\/index.php?rest_route=\/wp\/v2\/posts\/1947\/revisions"}],"wp:featuredmedia":[{"embeddable":true,"href":"https:\/\/buensonido.cl\/index.php?rest_route=\/wp\/v2\/media\/1948"}],"wp:attachment":[{"href":"https:\/\/buensonido.cl\/index.php?rest_route=%2Fwp%2Fv2%2Fmedia&parent=1947"}],"wp:term":[{"taxonomy":"category","embeddable":true,"href":"https:\/\/buensonido.cl\/index.php?rest_route=%2Fwp%2Fv2%2Fcategories&post=1947"},{"taxonomy":"post_tag","embeddable":true,"href":"https:\/\/buensonido.cl\/index.php?rest_route=%2Fwp%2Fv2%2Ftags&post=1947"}],"curies":[{"name":"wp","href":"https:\/\/api.w.org\/{rel}","templated":true}]}}