{"id":1896,"date":"2024-06-26T13:49:56","date_gmt":"2024-06-26T16:49:56","guid":{"rendered":"https:\/\/buensonido.cl\/?p=1896"},"modified":"2024-06-26T13:49:56","modified_gmt":"2024-06-26T16:49:56","slug":"abrigando-mi-casa-lanzan-piloto-de-aislacion-termica-de-casas-para-vecinos-de-coronel","status":"publish","type":"post","link":"https:\/\/buensonido.cl\/?p=1896","title":{"rendered":"\u00abAbrigando mi casa\u00bb: Lanzan piloto de aislaci\u00f3n t\u00e9rmica de casas para vecinos de Coronel"},"content":{"rendered":"\n<p>Casas m\u00e1s calentitas con menos le\u00f1a, menor contaminaci\u00f3n y mayor calidad de vida familiar. Estas son algunas de las variables en la virtuosa ecuaci\u00f3n de un estudio encomendado por la empresa Colb\u00fan al Instituto de Investigaciones Tecnol\u00f3gicas de la Facultad de Ingenier\u00eda de la Universidad de Concepci\u00f3n.  <\/p>\n\n\n\n<p>La ejecuci\u00f3n de \u201cAbrigando mi casa\u201d, incluye un proyecto piloto para capacitar a vecinos coronelinos en tem\u00e1ticas de eficiencia energ\u00e9tica (uso, consumo, ahorro) y mejorar la aislaci\u00f3n t\u00e9rmica de 10 viviendas del sector Lagunillas 1.<\/p>\n\n\n\n<p>Para Javier Piedra Fierro, docente del departamento de Ingenier\u00eda Mec\u00e1nica e investigador a cargo de la iniciativa, este es un proyecto que combina el esfuerzo de la academia y la empresa en beneficio de la comunidad. \u201cHemos identificado que la medida m\u00e1s costo-eficiente para lograr eficiencia energ\u00e9tica en las viviendas es la aislaci\u00f3n de techos y el sellado de infiltraciones, lo que permite invertir la menor cantidad de dinero posible para obtener el mayor ahorro energ\u00e9tico\u201d, explic\u00f3.<\/p>\n\n\n\n<p>El acad\u00e9mico detalla que para una vivienda tipo de 1 piso, la demanda energ\u00e9tica sin aislaci\u00f3n es de 240 kWh\/m\u00b2 (kilovatios hora por metro cuadrado \u00fatil) por a\u00f1o, mientras que con aislaci\u00f3n podr\u00eda pasar a una demanda de 109 kWh\/m\u00b2 por a\u00f1o, lo que equivale a un ahorro energ\u00e9tico cercano al 55%. En el caso de las viviendas de 2 pisos, el mismo estudio evidencia que podr\u00eda pasar de una demanda de 221 kWh\/m\u00b2 al a\u00f1o, a 132 kWh\/m\u00b2 al a\u00f1o, representando una disminuci\u00f3n aproximada de 40%.<\/p>\n\n\n\n<p>Este enfoque no solo permite reducir el consumo de le\u00f1a, sino tambi\u00e9n disminuir la cantidad de material particulado que se libera en el aire, contribuyendo a un ambiente m\u00e1s limpio y saludable. <\/p>\n\n\n\n<p>Piedra Fierro precisa: \u201cMedimos el consumo de le\u00f1a antes y despu\u00e9s de la implementaci\u00f3n de las medidas para calcular los ahorros y la reducci\u00f3n de emisiones contaminantes. Tambi\u00e9n evaluamos el incremento de la temperatura interna de las viviendas, lo que genera una sensaci\u00f3n de confort y tiene un impacto positivo en la salud y calidad de vida de las familias, que pasan m\u00e1s tiempo juntas cuando est\u00e1n en un ambiente c\u00e1lido y agradable\u201d.<\/p>\n\n\n\n<p><strong>Calor para la vida familiar<\/strong><\/p>\n\n\n\n<p>La comunidad recibi\u00f3 el proyecto con entusiasmo. Sandra Toledo, presidenta de la Junta de Vecinos de Lagunillas 1, valor\u00f3 el estudio desarrollado por Colb\u00fan con la UdeC, que considera ser\u00e1 de gran ayuda para su sector. \u201cNo solo por las 10 casas con las que trabajar\u00e1n, sino tambi\u00e9n por los consejos pr\u00e1cticos que nos est\u00e1n entregando y que nos permitir\u00e1n mantener mejor la calefacci\u00f3n en nuestros hogares\u201d, coment\u00f3.<\/p>\n\n\n\n<p>Valeria Gatica, especialista senior de asuntos p\u00fablicos de Colb\u00fan, subray\u00f3 la relevancia de estos estudios para la empresa: \u201cDesde hace mucho tiempo estamos preocupados por obtener datos fidedignos sobre material particulado y eficiencia energ\u00e9tica. El a\u00f1o pasado hicimos un piloto en esta comunidad y quer\u00edamos replicarlo con foco en mejorar el confort t\u00e9rmico de las viviendas, reduciendo el consumo de le\u00f1a y disminuyendo el material particulado\u201d.<\/p>\n\n\n\n<p>Juli\u00e1n Perret, subgerente de Asuntos P\u00fablicos Centrales de Generaci\u00f3n de Colb\u00fan, record\u00f3 que el 60% de la contaminaci\u00f3n visible se debe a la calefacci\u00f3n domiciliaria, lo que los ha impulsado a seguir desarrollando proyectos para reducir las emisiones que se generan por esta v\u00eda. En ese contexto, destac\u00f3 el \u00e9xito de un proyecto que desarrollaron hace tres a\u00f1os, cuando instalaron equipos en los calefactores a le\u00f1a de 50 casas para reducir significativamente la cantidad de humo y emisiones.<\/p>\n\n\n\n<p>\u201cEsta vez estamos realizando un proyecto similar con la UdeC y la junta vecinal de Lagunillas 1 para mejorar la aislaci\u00f3n de las casas, reducir su consumo de le\u00f1a y disminuir su impacto en el medio ambiente. Pero adem\u00e1s este proyecto apunta a algo muy bonito: mejorar el confort t\u00e9rmico de las viviendas se traduce en casas m\u00e1s calentitas, mejor calidad de vida y espacios m\u00e1s agradables para la convivencia familiar\u201d, concluy\u00f3.<\/p>\n\n\n\n<figure class=\"wp-block-image size-large\"><img decoding=\"async\" src=\"https:\/\/buensonido.cl\/wp-content\/uploads\/2024\/06\/1000128222-1024x769.jpg\" alt=\"\" class=\"wp-image-1897\"\/><\/figure>\n","protected":false},"excerpt":{"rendered":"<p>Casas m\u00e1s calentitas con menos le\u00f1a, menor contaminaci\u00f3n y mayor calidad de vida familiar. Estas son algunas de las variables en la virtuosa ecuaci\u00f3n de un estudio encomendado por la empresa Colb\u00fan al Instituto de Investigaciones Tecnol\u00f3gicas de la Facultad de Ingenier\u00eda de la Universidad de Concepci\u00f3n. La ejecuci\u00f3n de \u201cAbrigando mi casa\u201d, incluye un &hellip;<\/p>\n","protected":false},"author":1,"featured_media":1897,"comment_status":"closed","ping_status":"closed","sticky":false,"template":"","format":"standard","meta":{"footnotes":""},"categories":[16],"tags":[],"class_list":["post-1896","post","type-post","status-publish","format-standard","has-post-thumbnail","hentry","category-actualidad"],"_links":{"self":[{"href":"https:\/\/buensonido.cl\/index.php?rest_route=\/wp\/v2\/posts\/1896","targetHints":{"allow":["GET"]}}],"collection":[{"href":"https:\/\/buensonido.cl\/index.php?rest_route=\/wp\/v2\/posts"}],"about":[{"href":"https:\/\/buensonido.cl\/index.php?rest_route=\/wp\/v2\/types\/post"}],"author":[{"embeddable":true,"href":"https:\/\/buensonido.cl\/index.php?rest_route=\/wp\/v2\/users\/1"}],"replies":[{"embeddable":true,"href":"https:\/\/buensonido.cl\/index.php?rest_route=%2Fwp%2Fv2%2Fcomments&post=1896"}],"version-history":[{"count":0,"href":"https:\/\/buensonido.cl\/index.php?rest_route=\/wp\/v2\/posts\/1896\/revisions"}],"wp:featuredmedia":[{"embeddable":true,"href":"https:\/\/buensonido.cl\/index.php?rest_route=\/wp\/v2\/media\/1897"}],"wp:attachment":[{"href":"https:\/\/buensonido.cl\/index.php?rest_route=%2Fwp%2Fv2%2Fmedia&parent=1896"}],"wp:term":[{"taxonomy":"category","embeddable":true,"href":"https:\/\/buensonido.cl\/index.php?rest_route=%2Fwp%2Fv2%2Fcategories&post=1896"},{"taxonomy":"post_tag","embeddable":true,"href":"https:\/\/buensonido.cl\/index.php?rest_route=%2Fwp%2Fv2%2Ftags&post=1896"}],"curies":[{"name":"wp","href":"https:\/\/api.w.org\/{rel}","templated":true}]}}