{"id":1893,"date":"2024-06-25T10:49:32","date_gmt":"2024-06-25T13:49:32","guid":{"rendered":"https:\/\/buensonido.cl\/?p=1893"},"modified":"2024-06-25T10:49:32","modified_gmt":"2024-06-25T13:49:32","slug":"es-mejor-asi-lo-nuevo-de-la-banda-penquista-emana-la-nostalgia-y-la-melancolia-de-un-adios","status":"publish","type":"post","link":"https:\/\/buensonido.cl\/?p=1893","title":{"rendered":"\u201cEs Mejor As\u00ed\u201d, lo nuevo de la banda penquista Emana, la nostalgia y la melancol\u00eda de un adi\u00f3s."},"content":{"rendered":"\n<p>18 a\u00f1os de vida musical cumple la banda penquista Emana, quienes comienzan a coronar su celebraci\u00f3n con el lanzamiento de su nuevo single \u201cEs Mejor As\u00ed\u201d, una canci\u00f3n de estilo balada pop que busca enmarcar ese periodo de la vida ligada a la ruptura de una relaci\u00f3n sentimental, la despedida y el adi\u00f3s, momento triste por el que todos alguna vez hemos tenido que pasar.<\/p>\n\n\n\n<p><em>\u201cCon esta canci\u00f3n quisimos nuevamente explorar sonidos ochenteros y mezclarlos con sonidos actuales, esa fusi\u00f3n de sintetizadores y guitarras lo hace un tema muy atractivo, adem\u00e1s de un coro pegajoso, el tema va atrap\u00e1ndote a medida que lo vas escuchando\u201d,\u00a0<\/em>palabras de Pato Mu\u00f1oz, hist\u00f3rico bajista de Emana.<\/p>\n\n\n\n<p><em>\u201cCreo que nunca hab\u00edamos escrito sobre ese momento de una ruptura sentimental, cuando quedas triste sin ganas de hacer mucho, tirado en la cama mirando la ventana, pensando en si fue o no la mejor decisi\u00f3n, con ganas de volver a llamarla, de hacer o no hacer, de ir o no ir, esa incertidumbre sumada a la pena de saber que se acab\u00f3 y asumir la p\u00e9rdida. Esta canci\u00f3n tiene mucho de melancol\u00eda y nostalgia, pero tambi\u00e9n en el fondo es cerrar una etapa con alguien, aceptando lo dif\u00edcil de ese proceso\u201d.\u00a0<\/em>Se\u00f1ala Lucho Herrera, vocalista de Emana quien compuso este tema junto a Williams Mart\u00ednez, guitarrista de la banda.<\/p>\n\n\n\n<p>La banda celebrar\u00e1 dentro de la Regi\u00f3n del Biob\u00edo sus 18 a\u00f1os en tres importantes lugares, el Teatro Biob\u00edo en Concepci\u00f3n el s\u00e1bado 7 septiembre, en el Teatro Dante en Talcahuano el s\u00e1bado 28 septiembre y en el Teatro Lota el s\u00e1bado 12 octubre, con \u00a0shows que repasar\u00e1n lo mejor de su repertorio desde sus primeros discos hasta la actualidad.<\/p>\n\n\n\n<p>\u201cEs Mejor As\u00ed\u201d fue producido por Emana, mezclado por Williams Mart\u00ednez en Babel Estudio\u00a0 y masterizado por Chalo Gonz\u00e1lez y ya se encuentra disponible en las principales plataformas digitales de m\u00fasica.<\/p>\n\n\n\n<p>Spotify:&nbsp;<a href=\"https:\/\/open.spotify.com\/intl-es\/album\/0ib5RsR4mUbcle6Hlr0oyX\" target=\"_blank\" rel=\"noreferrer noopener\">https:\/\/open.spotify.com\/intl-es\/album\/0ib5RsR4mUbcle6Hlr0oyX<\/a><\/p>\n\n\n\n<p>Youtube:\u00a0<a href=\"https:\/\/www.youtube.com\/watch?v=h0mqhnacFZo\" target=\"_blank\" rel=\"noreferrer noopener\">https:\/\/www.youtube.com\/watch?v=h0mqhnacFZo<\/a>\u00a0\u00a0 \u00a0 \u00a0<\/p>\n\n\n\n<figure class=\"wp-block-image size-large\"><img decoding=\"async\" src=\"https:\/\/buensonido.cl\/wp-content\/uploads\/2024\/06\/EMANA-SESION-44-1024x683.jpg\" alt=\"\" class=\"wp-image-1894\"\/><\/figure>\n\n\n\n<p> \u00a0 \u00a0 \u00a0 \u00a0<\/p>\n","protected":false},"excerpt":{"rendered":"<p>18 a\u00f1os de vida musical cumple la banda penquista Emana, quienes comienzan a coronar su celebraci\u00f3n con el lanzamiento de su nuevo single \u201cEs Mejor As\u00ed\u201d, una canci\u00f3n de estilo balada pop que busca enmarcar ese periodo de la vida ligada a la ruptura de una relaci\u00f3n sentimental, la despedida y el adi\u00f3s, momento triste &hellip;<\/p>\n","protected":false},"author":1,"featured_media":1894,"comment_status":"closed","ping_status":"closed","sticky":false,"template":"","format":"standard","meta":{"footnotes":""},"categories":[1],"tags":[],"class_list":["post-1893","post","type-post","status-publish","format-standard","has-post-thumbnail","hentry","category-uncategorized"],"_links":{"self":[{"href":"https:\/\/buensonido.cl\/index.php?rest_route=\/wp\/v2\/posts\/1893","targetHints":{"allow":["GET"]}}],"collection":[{"href":"https:\/\/buensonido.cl\/index.php?rest_route=\/wp\/v2\/posts"}],"about":[{"href":"https:\/\/buensonido.cl\/index.php?rest_route=\/wp\/v2\/types\/post"}],"author":[{"embeddable":true,"href":"https:\/\/buensonido.cl\/index.php?rest_route=\/wp\/v2\/users\/1"}],"replies":[{"embeddable":true,"href":"https:\/\/buensonido.cl\/index.php?rest_route=%2Fwp%2Fv2%2Fcomments&post=1893"}],"version-history":[{"count":0,"href":"https:\/\/buensonido.cl\/index.php?rest_route=\/wp\/v2\/posts\/1893\/revisions"}],"wp:featuredmedia":[{"embeddable":true,"href":"https:\/\/buensonido.cl\/index.php?rest_route=\/wp\/v2\/media\/1894"}],"wp:attachment":[{"href":"https:\/\/buensonido.cl\/index.php?rest_route=%2Fwp%2Fv2%2Fmedia&parent=1893"}],"wp:term":[{"taxonomy":"category","embeddable":true,"href":"https:\/\/buensonido.cl\/index.php?rest_route=%2Fwp%2Fv2%2Fcategories&post=1893"},{"taxonomy":"post_tag","embeddable":true,"href":"https:\/\/buensonido.cl\/index.php?rest_route=%2Fwp%2Fv2%2Ftags&post=1893"}],"curies":[{"name":"wp","href":"https:\/\/api.w.org\/{rel}","templated":true}]}}