{"id":1838,"date":"2024-06-07T20:25:39","date_gmt":"2024-06-07T23:25:39","guid":{"rendered":"https:\/\/buensonido.cl\/?p=1838"},"modified":"2024-06-07T20:25:39","modified_gmt":"2024-06-07T23:25:39","slug":"realizan-limpieza-de-playas-y-educacion-ambiental-en-caleta-lo-rojas-por-tercer-ano-consecutivo","status":"publish","type":"post","link":"https:\/\/buensonido.cl\/?p=1838","title":{"rendered":"Realizan limpieza de playas y educaci\u00f3n ambiental en Caleta Lo Rojas por tercer a\u00f1o consecutivo"},"content":{"rendered":"\n<p>Televisores, neum\u00e1ticos, computadores, microondas y hasta un refrigerador, fueron algunos de los objetos \u201cno tradicionales\u201d que en los \u00faltimos meses extrajeron el botero Pedro Varela y sus colaboradores desde el fondo marino de la Caleta Lo Rojas, en Coronel. <\/p>\n\n\n\n<p>Una pesca diferente que form\u00f3 parte de un proyecto iniciado en 2022, y que se centra en la limpieza del borde costero y la extracci\u00f3n de residuos del mar. Durante la temporada pel\u00e1gica de pesca artesanal, que se extiende de marzo a junio, m\u00e1s de 250 embarcaciones operan en Caleta Lo Rojas. <\/p>\n\n\n\n<p>Periodo en que con frecuencia sus tripulantes arrojaban residuos al mar, creando microbasurales marinos. As\u00ed lo relata don Pedro Varela, socio de la asociaci\u00f3n de pescadores artesanales del sector, quien comenz\u00f3 por iniciativa propia las labores de limpieza. \u201cVe\u00eda tanta basura, que un d\u00eda me dije, \u00a1esto no puede ser!\u201d. Tom\u00f3 su embarcaci\u00f3n y comenz\u00f3 a limpiar, y poco a poco comenz\u00f3 a sumar apoyos. Pero a su juicio, no basta con limpiar, tambi\u00e9n es fundamental educar. \u201cA veces yo estaba limpiando, y unos metros m\u00e1s all\u00e1 hab\u00eda pescadores tirando basura de nuevo, era de nunca acabar\u201d, relat\u00f3. <\/p>\n\n\n\n<p>La iniciativa fue presentada ante Consejo por la Recuperaci\u00f3n Ambiental y Social (CRAS) de Coronel, entidad que la acogi\u00f3 de inmediato y la catalog\u00f3 de prioritaria. <\/p>\n\n\n\n<p>Gracias a ello, pudieron sumar el apoyo de sus distintos participantes, entre ellos el sindicato de pescadores artesanales del sector, organismos p\u00fablicos y las empresas Colb\u00fan, Puerto de Coronel, Blumar, Camanchaca, FoodCorp, Orizon y el gremio Pescadores Industriales del Biob\u00edo, con lo que el proyecto pudo avanzar no solo en solo en la extracci\u00f3n de residuos, sino tambi\u00e9n en infraestructura para reciclaje y disposici\u00f3n final.<\/p>\n\n\n\n<p>Infraestructura y cambio cultural<\/p>\n\n\n\n<p>Monserrat Jamett Leiva, gerente de Sustentabilidad de Pescadores Industriales del Biob\u00edo, enfatiz\u00f3 el enfoque colaborativo del proyecto, que refleja el esp\u00edritu de trabajo p\u00fablico-privado del Consejo por la Recuperaci\u00f3n Ambiental y Social de Coronel, presente en el dise\u00f1o y ejecuci\u00f3n de esta iniciativa desde sus inicios en 2022. <\/p>\n\n\n\n<p>Al respecto sostuvo: \u201cComo sector privado, escuchamos la preocupaci\u00f3n de los consejeros civiles respecto a la contaminaci\u00f3n marina generada por la actividad de la pesca artesanal y trabajamos de manera colaborativa con ellos y los servicios p\u00fablicos involucrados para llevar a cabo este proyecto\u201d.<\/p>\n\n\n\n<p>Gonzalo Gonz\u00e1lez, especialista senior en Asuntos P\u00fablicos de Colb\u00fan, relat\u00f3 que la empresa lleva a\u00f1os trabajando con la comunidad en labores de limpieza del Estero Manco, por lo que cuando los invitaron a sumarse a labores similares en las playas, les pareci\u00f3 un paso natural para seguir colaborando en la calidad de vida de los habitantes de la comuna. <\/p>\n\n\n\n<p>\u201cEl trabajo de los boteros, liderados por don Pedro, va m\u00e1s all\u00e1 del s\u00f3lo hecho de recolectar la basura, sino que tambi\u00e9n tiene un componente de educaci\u00f3n y cambio cultural por parte de los propios pescadores artesanales. Antes, sol\u00edan arrojar la basura al mar, pero ahora la recuperan, seleccionan y disponen en contenedores adecuados. Tambi\u00e9n se recuperan aceites usados, que antes se desechaban en alta mar, y se disponen en contenedores especializados\u201d, agreg\u00f3.<\/p>\n\n\n\n<p>En la misma l\u00ednea, Armando Silva, director regional de Obras Portuarias, complement\u00f3 que el trabajo no s\u00f3lo consiste en la recolecci\u00f3n de desechos, sino tambi\u00e9n buscarles una disposici\u00f3n final adecuada. \u201cEstamos trabajando con diversos actores para crear una infraestructura que permita almacenar estos residuos en la costa temporalmente, antes de su disposici\u00f3n final. Como Direcci\u00f3n de Obras Portuarias, estamos involucrados en el dise\u00f1o y ubicaci\u00f3n de esta infraestructura costera y le hicimos una propuesta al gremio; luego buscaremos el financiamiento para construir esta infraestructura, asegur\u00e1ndonos de que cumpla con todas las normas y exigencias\u201d, precis\u00f3.<\/p>\n\n\n\n<p>Impacto en la comunidad<\/p>\n\n\n\n<p>El proyecto tambi\u00e9n ha impulsado el reciclaje de pl\u00e1sticos PET generados por la actividad pesquera y ha mejorado la infraestructura para la gesti\u00f3n y acopio transitorio de residuos en la caleta. Adem\u00e1s se desarrollaron talleres de capacitaci\u00f3n para promover una adecuada gesti\u00f3n de residuos, en las que participaron 40 pescadores artesanales.<\/p>\n\n\n\n<p>Gracias a la buena recepci\u00f3n del proyecto, en 2024 se decidi\u00f3 extender el per\u00edodo de ejecuci\u00f3n de 3 a 5 meses, de febrero a junio, periodo en el que participaron 123 embarcaciones. <\/p>\n\n\n\n<p>De acuerdo a las estad\u00edsticas entregadas por el Centro Eula UdeC, que est\u00e1 asesorando en la clasificaci\u00f3n y an\u00e1lisis de la recolecci\u00f3n, al mes de mayo se han recolectado 3.402 kg de residuos, se reciclaron 126 kg de botellas PET1 y se han realizado 2 retiros de aceites lubricantes usados, sumando un total de 650 litros. <\/p>\n\n\n\n<p>Ello se suma a las 9 toneladas recolectadas durante 2022, y 7,5 en 2023.Desde la Capitan\u00eda de Puerto de Coronel, el capit\u00e1n de Corbeta de Litoral Osvaldo Cuadra Rojas subray\u00f3 que esta iniciativa demuestra que una persona puede cambiar el mundo con peque\u00f1os gestos. <\/p>\n\n\n\n<p>\u201cEl trabajo de don Pedro refleja el compromiso de los mismos pescadores artesanales con la sustentabilidad, y esperamos que esta iniciativa se replique no solo en esta caleta, sino en todas, con el apoyo de las empresas particulares y el Estado\u201d, recalc\u00f3.<\/p>\n\n\n\n<p>En palabras del seremi de Medio Ambiente, Pablo Pinto Valenzuela, el trabajo realizado refleja el esp\u00edritu de colaboraci\u00f3n p\u00fablico-privada del CRAS, con un alto involucramiento de los consejeros de la sociedad civil en su dise\u00f1o y ejecuci\u00f3n. <\/p>\n\n\n\n<p>\u201cEs importante relevar las acciones como la iniciada por don Pedro, que con el apoyo de la empresa privada y algunos organismos p\u00fablicos, creci\u00f3 y signific\u00f3 un avance notable para la comunidad de Lo Rojas. La continuidad y expansi\u00f3n del programa son esenciales para seguir educando y concientizando a todos los actores involucrados, de manera de asegurar as\u00ed la protecci\u00f3n medio ambiental de nuestras playas\u201d, concluy\u00f3.<\/p>\n\n\n\n<figure class=\"wp-block-image size-large\"><img decoding=\"async\" src=\"https:\/\/buensonido.cl\/wp-content\/uploads\/2024\/06\/1000116226-576x1024.jpg\" alt=\"\" class=\"wp-image-1840\"\/><\/figure>\n\n\n\n<figure class=\"wp-block-image size-large\"><img decoding=\"async\" src=\"https:\/\/buensonido.cl\/wp-content\/uploads\/2024\/06\/1000116223-1024x576.jpg\" alt=\"\" class=\"wp-image-1839\"\/><\/figure>\n","protected":false},"excerpt":{"rendered":"<p>Televisores, neum\u00e1ticos, computadores, microondas y hasta un refrigerador, fueron algunos de los objetos \u201cno tradicionales\u201d que en los \u00faltimos meses extrajeron el botero Pedro Varela y sus colaboradores desde el fondo marino de la Caleta Lo Rojas, en Coronel. Una pesca diferente que form\u00f3 parte de un proyecto iniciado en 2022, y que se centra &hellip;<\/p>\n","protected":false},"author":1,"featured_media":1840,"comment_status":"closed","ping_status":"closed","sticky":false,"template":"","format":"standard","meta":{"footnotes":""},"categories":[16],"tags":[],"class_list":["post-1838","post","type-post","status-publish","format-standard","has-post-thumbnail","hentry","category-actualidad"],"_links":{"self":[{"href":"https:\/\/buensonido.cl\/index.php?rest_route=\/wp\/v2\/posts\/1838","targetHints":{"allow":["GET"]}}],"collection":[{"href":"https:\/\/buensonido.cl\/index.php?rest_route=\/wp\/v2\/posts"}],"about":[{"href":"https:\/\/buensonido.cl\/index.php?rest_route=\/wp\/v2\/types\/post"}],"author":[{"embeddable":true,"href":"https:\/\/buensonido.cl\/index.php?rest_route=\/wp\/v2\/users\/1"}],"replies":[{"embeddable":true,"href":"https:\/\/buensonido.cl\/index.php?rest_route=%2Fwp%2Fv2%2Fcomments&post=1838"}],"version-history":[{"count":0,"href":"https:\/\/buensonido.cl\/index.php?rest_route=\/wp\/v2\/posts\/1838\/revisions"}],"wp:featuredmedia":[{"embeddable":true,"href":"https:\/\/buensonido.cl\/index.php?rest_route=\/wp\/v2\/media\/1840"}],"wp:attachment":[{"href":"https:\/\/buensonido.cl\/index.php?rest_route=%2Fwp%2Fv2%2Fmedia&parent=1838"}],"wp:term":[{"taxonomy":"category","embeddable":true,"href":"https:\/\/buensonido.cl\/index.php?rest_route=%2Fwp%2Fv2%2Fcategories&post=1838"},{"taxonomy":"post_tag","embeddable":true,"href":"https:\/\/buensonido.cl\/index.php?rest_route=%2Fwp%2Fv2%2Ftags&post=1838"}],"curies":[{"name":"wp","href":"https:\/\/api.w.org\/{rel}","templated":true}]}}