{"id":1823,"date":"2024-06-04T14:28:04","date_gmt":"2024-06-04T17:28:04","guid":{"rendered":"https:\/\/buensonido.cl\/?p=1823"},"modified":"2024-06-04T14:28:04","modified_gmt":"2024-06-04T17:28:04","slug":"incorporan-a-mesa-tri-regional-del-vino-a-vinateros-del-biobio","status":"publish","type":"post","link":"https:\/\/buensonido.cl\/?p=1823","title":{"rendered":"Incorporan a mesa Tri &#8211; regional del Vino a vi\u00f1ateros del Biob\u00edo"},"content":{"rendered":"\n<p>Se realiz\u00f3 la primera reuni\u00f3n de la Mesa Tri- regional del Vino con la incorporaci\u00f3n de vi\u00f1ateros del Biob\u00edo. En una primera instancia la iniciativa s\u00f3lo abarcaba a productores de las regiones del Maule y \u00d1uble. <\/p>\n\n\n\n<p>La jornada, se efectu\u00f3 en la comuna de Quill\u00f3n y permiti\u00f3 abordar demandas y necesidades de los productores vitivin\u00edcolas de las 3 regiones.<\/p>\n\n\n\n<p>La seremi Pamela Gatti, se\u00f1al\u00f3 que \u201ceste encuentro de trabajo abord\u00f3, principalmente, materia de producci\u00f3n, denominaci\u00f3n de origen, fiscalizaci\u00f3n y comercializaci\u00f3n. Tambi\u00e9n definir cu\u00e1les son las l\u00edneas estrat\u00e9gicas para desarrollar un trabajo en conjunto, a fin de dar una respuesta a las necesidades de los peque\u00f1os vi\u00f1ateros de la regi\u00f3n del Biob\u00edo\u201d.<\/p>\n\n\n\n<p><strong>Programa de Desarrollo de Inversiones para vi\u00f1ateros<\/strong><\/p>\n\n\n\n<p>Desde INDAP informaron sobre el llamado especial del Programa de Desarrollo de Inversiones (PDI) por 43 millones de pesos, destinado a financiar proyectos relacionados al proceso de elaboraci\u00f3n de vino: recepci\u00f3n y molienda de uva, movimiento de mosto y vino, vinificaci\u00f3n, embotellado y etiquetado, entre otras.<\/p>\n\n\n\n<p>El llamado contempl\u00f3 dos tipos de postulaciones, una especial de tipo asociativa correspondiente a Empresas Asociativas Campesinas (EAC), y la segunda para tipo individual, ya sea como personas naturales o bien como Empresa Individual de Responsabilidad Limitada (EIRL).<\/p>\n\n\n\n<figure class=\"wp-block-image size-large\"><img decoding=\"async\" src=\"https:\/\/buensonido.cl\/wp-content\/uploads\/2024\/06\/1000114197-1024x768.jpg\" alt=\"\" class=\"wp-image-1824\"\/><\/figure>\n","protected":false},"excerpt":{"rendered":"<p>Se realiz\u00f3 la primera reuni\u00f3n de la Mesa Tri- regional del Vino con la incorporaci\u00f3n de vi\u00f1ateros del Biob\u00edo. En una primera instancia la iniciativa s\u00f3lo abarcaba a productores de las regiones del Maule y \u00d1uble. La jornada, se efectu\u00f3 en la comuna de Quill\u00f3n y permiti\u00f3 abordar demandas y necesidades de los productores vitivin\u00edcolas &hellip;<\/p>\n","protected":false},"author":1,"featured_media":1824,"comment_status":"closed","ping_status":"closed","sticky":false,"template":"","format":"standard","meta":{"footnotes":""},"categories":[16],"tags":[],"class_list":["post-1823","post","type-post","status-publish","format-standard","has-post-thumbnail","hentry","category-actualidad"],"_links":{"self":[{"href":"https:\/\/buensonido.cl\/index.php?rest_route=\/wp\/v2\/posts\/1823","targetHints":{"allow":["GET"]}}],"collection":[{"href":"https:\/\/buensonido.cl\/index.php?rest_route=\/wp\/v2\/posts"}],"about":[{"href":"https:\/\/buensonido.cl\/index.php?rest_route=\/wp\/v2\/types\/post"}],"author":[{"embeddable":true,"href":"https:\/\/buensonido.cl\/index.php?rest_route=\/wp\/v2\/users\/1"}],"replies":[{"embeddable":true,"href":"https:\/\/buensonido.cl\/index.php?rest_route=%2Fwp%2Fv2%2Fcomments&post=1823"}],"version-history":[{"count":0,"href":"https:\/\/buensonido.cl\/index.php?rest_route=\/wp\/v2\/posts\/1823\/revisions"}],"wp:featuredmedia":[{"embeddable":true,"href":"https:\/\/buensonido.cl\/index.php?rest_route=\/wp\/v2\/media\/1824"}],"wp:attachment":[{"href":"https:\/\/buensonido.cl\/index.php?rest_route=%2Fwp%2Fv2%2Fmedia&parent=1823"}],"wp:term":[{"taxonomy":"category","embeddable":true,"href":"https:\/\/buensonido.cl\/index.php?rest_route=%2Fwp%2Fv2%2Fcategories&post=1823"},{"taxonomy":"post_tag","embeddable":true,"href":"https:\/\/buensonido.cl\/index.php?rest_route=%2Fwp%2Fv2%2Ftags&post=1823"}],"curies":[{"name":"wp","href":"https:\/\/api.w.org\/{rel}","templated":true}]}}