{"id":1798,"date":"2024-05-24T12:05:32","date_gmt":"2024-05-24T15:05:32","guid":{"rendered":"https:\/\/buensonido.cl\/?p=1798"},"modified":"2024-05-24T12:05:32","modified_gmt":"2024-05-24T15:05:32","slug":"para-vincularse-con-la-naturaleza-ministerio-de-agricultura-se-suma-al-dia-de-los-patrimonios-con-la-apertura-de-parques","status":"publish","type":"post","link":"https:\/\/buensonido.cl\/?p=1798","title":{"rendered":"Para vincularse con la naturaleza: Ministerio de Agricultura se suma al D\u00eda de los patrimonios con la apertura de parques"},"content":{"rendered":"\n<p>Con el objetivo de vincular a la ciudadan\u00eda con la variada naturaleza de nuestro pa\u00eds, el ministerio de Agricultura se sumar\u00e1 al D\u00eda de los Patrimonios con una serie de actividades al aire libre. <\/p>\n\n\n\n<p>Como ya es tradici\u00f3n, la Corporaci\u00f3n Nacional Forestal (CONAF), dispondr\u00e1 de acceso liberado a una serie de parques, reservas, monumentos y santuarios naturales a lo largo del pa\u00eds, entre el s\u00e1bado 25 y domingo 26 de mayo. En este caso, en la regi\u00f3n del Biob\u00edo se tendr\u00e1 acceso gratuito al Parque Nacional Nongu\u00e9n y el Parque Laguna del Laja, en la comuna de Antuco. <\/p>\n\n\n\n<p>La seremi de Agricultura, Pamela Gatti, manifest\u00f3 que \u201cdurante este fin de semana, CONAF tendr\u00e1 acceso gratuito a todos los parques nacionales, reservas nacionales y monumentos naturales del pa\u00eds. Esta es una tremenda iniciativa de CONAF por el D\u00eda de Los Patrimonios, que pone al servicio de las comunidades el patrimonio natural y la biodiversidad maravillosa de nuestra regi\u00f3n del Biob\u00edo\u201d. <\/p>\n\n\n\n<p>La autoridad del ministerio de Agricultura realiz\u00f3 tambi\u00e9n un llamado a respetar las indicaciones de los guardaparques al interior de las reservas naturales, para poder seguir cuidando y conservando esta maravillosa tradici\u00f3n en familia.<\/p>\n\n\n\n<p>Conservatorio en Parque Nacional Nongu\u00e9n <\/p>\n\n\n\n<p>Adem\u00e1s, CONAF, junto a el Comit\u00e9 pro defensa de la Fauna y de la Flora, CODEFF; el Consejo Consultivo del Parque Nacional Nongu\u00e9n; la seremi de Medio Ambiente y la Asociaci\u00f3n de Municipalidades para la preservaci\u00f3n del Territorio Nongu\u00e9n, llevar\u00e1n a cabo un conversatorio denominando \u201cParque Nacional Nongu\u00e9n, un Patrimonio Ciudadano del Gran Concepci\u00f3n\u201d. <\/p>\n\n\n\n<p>El director regional de CONAF, Rodrigo Jara, explic\u00f3 que \u201cesta actividad tiene como objetivo rescatar el patrimonio inmaterial, la memoria y recuerdo de quienes ya no est\u00e1n con nosotros, as\u00ed como directamente de protagonistas ciudadanos que lucharon y lograron que se transformara en reserva, y, posteriormente en parque nacional, transform\u00e1ndose as\u00ed en un patrimonio natural atesorado por toda la comunidad del Gran Concepci\u00f3n\u201d.<\/p>\n\n\n\n<p>La actividad se desarrollar\u00e1 en el \u00e1rea de merienda del Parque Nacional Nongu\u00e9n, este domingo 26 de mayo, a partir de las 10:30 horas, en el contexto del D\u00eda de los Patrimonios.<\/p>\n\n\n\n<figure class=\"wp-block-image size-large\"><img decoding=\"async\" src=\"https:\/\/buensonido.cl\/wp-content\/uploads\/2024\/05\/1000107558-1024x678.jpg\" alt=\"\" class=\"wp-image-1799\"\/><\/figure>\n\n\n\n<figure class=\"wp-block-image size-full\"><img decoding=\"async\" src=\"https:\/\/buensonido.cl\/wp-content\/uploads\/2024\/05\/1000107559.jpg\" alt=\"\" class=\"wp-image-1800\"\/><\/figure>\n\n\n\n<figure class=\"wp-block-image size-large\"><img decoding=\"async\" src=\"https:\/\/buensonido.cl\/wp-content\/uploads\/2024\/05\/1000107560-1024x685.jpg\" alt=\"\" class=\"wp-image-1801\"\/><\/figure>\n\n\n\n<figure class=\"wp-block-image size-full\"><img decoding=\"async\" src=\"https:\/\/buensonido.cl\/wp-content\/uploads\/2024\/05\/1000107561.jpg\" alt=\"\" class=\"wp-image-1802\"\/><\/figure>\n","protected":false},"excerpt":{"rendered":"<p>Con el objetivo de vincular a la ciudadan\u00eda con la variada naturaleza de nuestro pa\u00eds, el ministerio de Agricultura se sumar\u00e1 al D\u00eda de los Patrimonios con una serie de actividades al aire libre. Como ya es tradici\u00f3n, la Corporaci\u00f3n Nacional Forestal (CONAF), dispondr\u00e1 de acceso liberado a una serie de parques, reservas, monumentos y &hellip;<\/p>\n","protected":false},"author":1,"featured_media":1800,"comment_status":"closed","ping_status":"closed","sticky":false,"template":"","format":"standard","meta":{"footnotes":""},"categories":[16],"tags":[],"class_list":["post-1798","post","type-post","status-publish","format-standard","has-post-thumbnail","hentry","category-actualidad"],"_links":{"self":[{"href":"https:\/\/buensonido.cl\/index.php?rest_route=\/wp\/v2\/posts\/1798","targetHints":{"allow":["GET"]}}],"collection":[{"href":"https:\/\/buensonido.cl\/index.php?rest_route=\/wp\/v2\/posts"}],"about":[{"href":"https:\/\/buensonido.cl\/index.php?rest_route=\/wp\/v2\/types\/post"}],"author":[{"embeddable":true,"href":"https:\/\/buensonido.cl\/index.php?rest_route=\/wp\/v2\/users\/1"}],"replies":[{"embeddable":true,"href":"https:\/\/buensonido.cl\/index.php?rest_route=%2Fwp%2Fv2%2Fcomments&post=1798"}],"version-history":[{"count":0,"href":"https:\/\/buensonido.cl\/index.php?rest_route=\/wp\/v2\/posts\/1798\/revisions"}],"wp:featuredmedia":[{"embeddable":true,"href":"https:\/\/buensonido.cl\/index.php?rest_route=\/wp\/v2\/media\/1800"}],"wp:attachment":[{"href":"https:\/\/buensonido.cl\/index.php?rest_route=%2Fwp%2Fv2%2Fmedia&parent=1798"}],"wp:term":[{"taxonomy":"category","embeddable":true,"href":"https:\/\/buensonido.cl\/index.php?rest_route=%2Fwp%2Fv2%2Fcategories&post=1798"},{"taxonomy":"post_tag","embeddable":true,"href":"https:\/\/buensonido.cl\/index.php?rest_route=%2Fwp%2Fv2%2Ftags&post=1798"}],"curies":[{"name":"wp","href":"https:\/\/api.w.org\/{rel}","templated":true}]}}