{"id":1761,"date":"2024-05-17T15:48:45","date_gmt":"2024-05-17T18:48:45","guid":{"rendered":"https:\/\/buensonido.cl\/?p=1761"},"modified":"2024-05-17T15:48:45","modified_gmt":"2024-05-17T18:48:45","slug":"extension-a-lota-y-pasos-desnivelados-considera-el-plan-de-proyectos-ferroviarios-para-el-biobio","status":"publish","type":"post","link":"https:\/\/buensonido.cl\/?p=1761","title":{"rendered":"Extensi\u00f3n a Lota y pasos desnivelados considera el plan de proyectos ferroviarios para el Biob\u00edo"},"content":{"rendered":"\n<p>Durante la ma\u00f1ana de este viernes, se realiz\u00f3 la presentaci\u00f3n de proyectos ferroviarios para la Regi\u00f3n del Biob\u00edo. En la ocasi\u00f3n estuvo presente el Ministro de Transportes y Telecomunicaciones, Juan Carlos Mu\u00f1oz. <\/p>\n\n\n\n<p>Este se\u00f1al\u00f3 que \u00abda gusto ver ese anhelo del Fran Concepci\u00f3n, de ir viendo proyectos que se van materializando algunos, que se van aprobando otros y que proyectan un Gran Concepci\u00f3n, con m\u00e1s transporte p\u00fablico, con mejor transporte p\u00fablico, con menos congesti\u00f3n con mejor movilidad, empiezan a  aparecer algunos de ellos ya son visibles. En materia ferroviaria el puente lleva un 45 % de avance, el t\u00fanel est\u00e1 bastante avanzado, estamos ahora proyectando la extensi\u00f3n del Biotr\u00e9n a Lota, vamos a aumentar la capacidad de la subestaci\u00f3n energ\u00e9tica de la l\u00ednea dos, para poder mover m\u00e1s trenes. La energ\u00eda el\u00e9ctrica no nos permit\u00eda, ahora vamos a poder hacerlo, comprar 10 trenes adicionales, aumentar el tama\u00f1o de los andenes\u00bb. <\/p>\n\n\n\n<p>El presidente de EFE, Eric Martin, sostuvo que \u00abestamos muy contentos, hemos podido presentar el plan de inversiones para la Regi\u00f3n del Biob\u00edo. Lo que hemos hecho es poder mostrar lo que estamos haciendo. Estamos concretando el puente sobre el r\u00edo Biob\u00edo, pero tambi\u00e9n vamos a hacer una ampliaci\u00f3n de andenes para poder movilizar a la gente, con la adquisici\u00f3n de 10 trenes. Estamos potenciando nuestra red de subestaciones para tener la potencia necesaria para mover los trenes. Estamos concretando 4 pasos desnivelados en la l\u00ednea 2\u00bb. <\/p>\n\n\n\n<p>Martin agreg\u00f3 que \u00abel proyecto de Lota tambi\u00e9n se va a desarrollar, el pr\u00f3ximo trimestre llamaremos al desarrollo de la ingenier\u00eda e impacto ambiental para en 2026 o 2027 llamar a un trabajo para extensi\u00f3n del Biotr\u00e9n a Lota\u00bb. <\/p>\n\n\n\n<p>En cuanto al mejoramiento de la l\u00ednea dos, se anunci\u00f3 la construcci\u00f3n de 4 cruces desnivelados, Diagonal Biob\u00edo, Lomas Coloradas y 4 sur y en Coronel, el cruce el San Francisco, en el acceso norte de la comuna.<\/p>\n\n\n\n<p>En la instancia estuvo presente la Ministra Secretaria General de Gobierno, Camila Vallejos, los alcaldes de Concepci\u00f3n, \u00c1lvaro Ort\u00edz, su par de San pedro de la Paz, Javier Gui\u00f1ez, el alcalde de Lota, Patricio Marchant, y el administrador municipal, Javier Valencia. <\/p>\n\n\n\n<p>Im\u00e1genes de Marcelo Hern\u00e1ndez y Rodrigo Hern\u00e1ndez<\/p>\n\n\n\n<figure class=\"wp-block-image size-large\"><img decoding=\"async\" src=\"https:\/\/buensonido.cl\/wp-content\/uploads\/2024\/05\/Imagen-de-WhatsApp-2024-05-17-a-las-14.32.17_e6a1d91d-1024x575.jpg\" alt=\"\" class=\"wp-image-1762\"\/><\/figure>\n\n\n\n<figure class=\"wp-block-image size-large\"><img decoding=\"async\" src=\"https:\/\/buensonido.cl\/wp-content\/uploads\/2024\/05\/DSC00626-1024x683.jpg\" alt=\"\" class=\"wp-image-1763\"\/><\/figure>\n\n\n\n<figure class=\"wp-block-image size-large\"><img decoding=\"async\" src=\"https:\/\/buensonido.cl\/wp-content\/uploads\/2024\/05\/DSC00611-1024x683.jpg\" alt=\"\" class=\"wp-image-1764\"\/><\/figure>\n\n\n\n<figure class=\"wp-block-image size-large\"><img decoding=\"async\" src=\"https:\/\/buensonido.cl\/wp-content\/uploads\/2024\/05\/DSC00572-1024x683.jpg\" alt=\"\" class=\"wp-image-1765\"\/><\/figure>\n\n\n\n<figure class=\"wp-block-image size-large\"><img decoding=\"async\" src=\"https:\/\/buensonido.cl\/wp-content\/uploads\/2024\/05\/Imagen-de-WhatsApp-2024-05-17-a-las-14.32.20_cd8c6b74-1024x575.jpg\" alt=\"\" class=\"wp-image-1766\"\/><\/figure>\n\n\n\n<figure class=\"wp-block-image size-large\"><img decoding=\"async\" src=\"https:\/\/buensonido.cl\/wp-content\/uploads\/2024\/05\/Imagen-de-WhatsApp-2024-05-17-a-las-14.32.22_db4f9f75-1024x575.jpg\" alt=\"\" class=\"wp-image-1767\"\/><\/figure>\n","protected":false},"excerpt":{"rendered":"<p>Durante la ma\u00f1ana de este viernes, se realiz\u00f3 la presentaci\u00f3n de proyectos ferroviarios para la Regi\u00f3n del Biob\u00edo. En la ocasi\u00f3n estuvo presente el Ministro de Transportes y Telecomunicaciones, Juan Carlos Mu\u00f1oz. Este se\u00f1al\u00f3 que \u00abda gusto ver ese anhelo del Fran Concepci\u00f3n, de ir viendo proyectos que se van materializando algunos, que se van &hellip;<\/p>\n","protected":false},"author":1,"featured_media":1765,"comment_status":"closed","ping_status":"closed","sticky":false,"template":"","format":"standard","meta":{"footnotes":""},"categories":[16],"tags":[],"class_list":["post-1761","post","type-post","status-publish","format-standard","has-post-thumbnail","hentry","category-actualidad"],"_links":{"self":[{"href":"https:\/\/buensonido.cl\/index.php?rest_route=\/wp\/v2\/posts\/1761","targetHints":{"allow":["GET"]}}],"collection":[{"href":"https:\/\/buensonido.cl\/index.php?rest_route=\/wp\/v2\/posts"}],"about":[{"href":"https:\/\/buensonido.cl\/index.php?rest_route=\/wp\/v2\/types\/post"}],"author":[{"embeddable":true,"href":"https:\/\/buensonido.cl\/index.php?rest_route=\/wp\/v2\/users\/1"}],"replies":[{"embeddable":true,"href":"https:\/\/buensonido.cl\/index.php?rest_route=%2Fwp%2Fv2%2Fcomments&post=1761"}],"version-history":[{"count":0,"href":"https:\/\/buensonido.cl\/index.php?rest_route=\/wp\/v2\/posts\/1761\/revisions"}],"wp:featuredmedia":[{"embeddable":true,"href":"https:\/\/buensonido.cl\/index.php?rest_route=\/wp\/v2\/media\/1765"}],"wp:attachment":[{"href":"https:\/\/buensonido.cl\/index.php?rest_route=%2Fwp%2Fv2%2Fmedia&parent=1761"}],"wp:term":[{"taxonomy":"category","embeddable":true,"href":"https:\/\/buensonido.cl\/index.php?rest_route=%2Fwp%2Fv2%2Fcategories&post=1761"},{"taxonomy":"post_tag","embeddable":true,"href":"https:\/\/buensonido.cl\/index.php?rest_route=%2Fwp%2Fv2%2Ftags&post=1761"}],"curies":[{"name":"wp","href":"https:\/\/api.w.org\/{rel}","templated":true}]}}