{"id":1713,"date":"2024-05-07T15:43:14","date_gmt":"2024-05-07T18:43:14","guid":{"rendered":"https:\/\/buensonido.cl\/?p=1713"},"modified":"2024-05-07T15:43:14","modified_gmt":"2024-05-07T18:43:14","slug":"mercado-fosis-lanzan-plataforma-de-ecommerce-para-emprendimientos-de-la-region-del-biobio","status":"publish","type":"post","link":"https:\/\/buensonido.cl\/?p=1713","title":{"rendered":"\u00abMercado FOSIS\u00bb: Lanzan plataforma de ecommerce para emprendimientos de la Regi\u00f3n del Biob\u00edo"},"content":{"rendered":"\n<p>Con una variada Feria de Emprendimiento en la Universidad San Sebasti\u00e1n de Concepci\u00f3n, el Fondo de Solidaridad e Inversi\u00f3n Social \u2013 FOSIS, efectu\u00f3 el hito de lanzamiento de la nueva plataforma \u201cMercado FOSIS\u201d, iniciativa a nivel nacional que entregar\u00e1 un espacio de comercializaci\u00f3n virtual a personas emprendedoras acompa\u00f1adas por la instituci\u00f3n. <\/p>\n\n\n\n<p>Los emprendimientos que creen una tienda virtual en la plataforma podr\u00e1n ofrecer sus productos y servicios de forma gratuita, sin pagar comisiones; y los compradores podr\u00e1n comprar a trav\u00e9s de un carro de compras.<\/p>\n\n\n\n<p>El Director Regional del FOSIS Biob\u00edo, Patricio Fierro Garc\u00e9s, coment\u00f3 que \u201cel FOSIS se ha puesto muy en la l\u00ednea de lo que ha sido una de las peticiones del gobierno del Presidente Gabriel Boric, que es generar espacios de empleabilidad y de empleo digno y decente. En esa l\u00ednea, esta plataforma viene a generar un espacio de comercializaci\u00f3n para muchas emprendedoras y emprendedores que les permite ejercer tambi\u00e9n un comercio seguro, para comprar y vender sus productos, para poder difundirlos y para poder alcanzar otros p\u00fablicos\u201d.<\/p>\n\n\n\n<p>Las personas emprendedoras que participen en esta plataforma podr\u00e1n hacer uso de ella hasta diciembre de 2024, pudiendo vender sus productos todos los d\u00edas del a\u00f1o y con mayor activaci\u00f3n en las fechas comerciales importantes como D\u00eda de la Madre, D\u00eda del Padre, D\u00eda de la Ni\u00f1ez, Fiestas Patrias y Navidad.<\/p>\n\n\n\n<p>La instancia fue propicia para la firma de renovaci\u00f3n de la alianza colaborativa entre el FOSIS y el Servicio Nacional de la Mujer y Equidad de G\u00e9nero de la Regi\u00f3n del Biob\u00edo, pudiendo reafirmar el compromiso de apoyo a mujeres emprendedoras acompa\u00f1adas por SernamEG en el fortalecimiento de sus emprendimientos a trav\u00e9s de los programas del FOSIS, siendo algunas de ellas participantes de esta plataforma.<\/p>\n\n\n\n<p>La Directora Regional del SernamEG Biob\u00edo, Lissette Wackerling Pati\u00f1o, expres\u00f3 que \u201chemos estado trabajando por muchos a\u00f1os junto al FOSIS para poder vincular distintos programas que nuestras instituciones tienen y que van en el fortalecimiento de la autonom\u00eda econ\u00f3mica, principalmente de mujeres. Hoy, sin duda, la participaci\u00f3n laboral femenina est\u00e1 en un porcentaje bastante menor al de los hombres y por supuesto el emprendimiento significa una tremenda oportunidad para las mujeres, tambi\u00e9n para poder conciliar la vida familiar y laboral, pero, por sobre todo, para aquellas mujeres que son jefas de hogar, tener la oportunidad de recibir recursos para sus hogares\u00bb.<\/p>\n\n\n\n<p>El Seremi de Desarrollo Social y Familia, Hedson D\u00edaz Cruces, valor\u00f3 el trabajo intersectorial entre ministerios y servicios, comentando que \u201cel gobierno del Presidente Gabriel Boric lo que hace es mandatar a los servicios p\u00fablicos y tambi\u00e9n a los ministerios a que elaboremos estrategias de trabajo intersectorial. En ese contexto, hoy hay un c\u00edrculo virtuoso entre lo que est\u00e1 realizando el SernamEG y el FOSIS en la Regi\u00f3n del Biob\u00edo, y en ese contexto valoramos esta iniciativa que permite a las emprendedoras de la Regi\u00f3n desarrollar sus negocios\u201d.<\/p>\n\n\n\n<p>Katherine Silva, emprendedora de San Pedro de la Paz y participante de programas del FOSIS y SernamEG,  mencion\u00f3 que recibir apoyo de ambas instituciones le ha permitido surgir, explicando que \u201clas capacitaciones del FOSIS me han ayudado a poder tener mejor dise\u00f1o de mi emprendimiento en redes sociales y presentar mis productos en diversas comunas, por ejemplo, en la ExpoFOSIS que se realiz\u00f3 en el Parque Ecuador y ahora en la Universidad San Sebasti\u00e1n y con SernamEG particip\u00e9 en la Escuela Emprendedora y tuve cursos de autonom\u00eda y de empoderamiento que me han ayudado a crecer como persona, a empoderarme y poder aportar ingresos a mi familia, como due\u00f1a de casa y mam\u00e1 emprendedora\u201d.<\/p>\n\n\n\n<p>Finalmente, las autoridades junto a las emprendedoras hicieron un llamado a la comunidad a visitar la plataforma virtual Mercado FOSIS, a trav\u00e9s de la p\u00e1gina web www.fosis.gob.cl, haciendo clic en el banner de la iniciativa, la que estar\u00e1 activa hasta diciembre de este a\u00f1o y donde podr\u00e1n encontrar productos hechos a mano de diferentes rubros y categor\u00edas como gourmet, artesan\u00eda, vestuario, calzado, accesorios, belleza, entre otros.<\/p>\n\n\n\n<figure class=\"wp-block-image size-large\"><img decoding=\"async\" src=\"https:\/\/buensonido.cl\/wp-content\/uploads\/2024\/05\/1000097964-1024x683.jpg\" alt=\"\" class=\"wp-image-1714\"\/><\/figure>\n\n\n\n<figure class=\"wp-block-image size-large\"><img decoding=\"async\" src=\"https:\/\/buensonido.cl\/wp-content\/uploads\/2024\/05\/1000097965-1024x683.jpg\" alt=\"\" class=\"wp-image-1715\"\/><\/figure>\n","protected":false},"excerpt":{"rendered":"<p>Con una variada Feria de Emprendimiento en la Universidad San Sebasti\u00e1n de Concepci\u00f3n, el Fondo de Solidaridad e Inversi\u00f3n Social \u2013 FOSIS, efectu\u00f3 el hito de lanzamiento de la nueva plataforma \u201cMercado FOSIS\u201d, iniciativa a nivel nacional que entregar\u00e1 un espacio de comercializaci\u00f3n virtual a personas emprendedoras acompa\u00f1adas por la instituci\u00f3n. Los emprendimientos que creen &hellip;<\/p>\n","protected":false},"author":1,"featured_media":1714,"comment_status":"closed","ping_status":"closed","sticky":false,"template":"","format":"standard","meta":{"footnotes":""},"categories":[16],"tags":[],"class_list":["post-1713","post","type-post","status-publish","format-standard","has-post-thumbnail","hentry","category-actualidad"],"_links":{"self":[{"href":"https:\/\/buensonido.cl\/index.php?rest_route=\/wp\/v2\/posts\/1713","targetHints":{"allow":["GET"]}}],"collection":[{"href":"https:\/\/buensonido.cl\/index.php?rest_route=\/wp\/v2\/posts"}],"about":[{"href":"https:\/\/buensonido.cl\/index.php?rest_route=\/wp\/v2\/types\/post"}],"author":[{"embeddable":true,"href":"https:\/\/buensonido.cl\/index.php?rest_route=\/wp\/v2\/users\/1"}],"replies":[{"embeddable":true,"href":"https:\/\/buensonido.cl\/index.php?rest_route=%2Fwp%2Fv2%2Fcomments&post=1713"}],"version-history":[{"count":0,"href":"https:\/\/buensonido.cl\/index.php?rest_route=\/wp\/v2\/posts\/1713\/revisions"}],"wp:featuredmedia":[{"embeddable":true,"href":"https:\/\/buensonido.cl\/index.php?rest_route=\/wp\/v2\/media\/1714"}],"wp:attachment":[{"href":"https:\/\/buensonido.cl\/index.php?rest_route=%2Fwp%2Fv2%2Fmedia&parent=1713"}],"wp:term":[{"taxonomy":"category","embeddable":true,"href":"https:\/\/buensonido.cl\/index.php?rest_route=%2Fwp%2Fv2%2Fcategories&post=1713"},{"taxonomy":"post_tag","embeddable":true,"href":"https:\/\/buensonido.cl\/index.php?rest_route=%2Fwp%2Fv2%2Ftags&post=1713"}],"curies":[{"name":"wp","href":"https:\/\/api.w.org\/{rel}","templated":true}]}}