{"id":1710,"date":"2024-05-06T14:47:39","date_gmt":"2024-05-06T17:47:39","guid":{"rendered":"https:\/\/buensonido.cl\/?p=1710"},"modified":"2024-05-06T14:47:39","modified_gmt":"2024-05-06T17:47:39","slug":"consejo-de-ministros-reconoce-a-coronel-y-otras-cinco-comunas-en-zonas-de-transicion-para-aplicar-rebaja-de-tarifa-electrica","status":"publish","type":"post","link":"https:\/\/buensonido.cl\/?p=1710","title":{"rendered":"Consejo de Ministros reconoce a Coronel y otras cinco comunas en zonas de transici\u00f3n para aplicar rebaja de tarifa el\u00e9ctrica"},"content":{"rendered":"\n<p>El Consejo de Ministros para la Sustentabilidad y el Cambio Clim\u00e1tico, en la sesi\u00f3n del viernes 3 de mayo, determin\u00f3 que las comunas en transici\u00f3n de Tocopilla, Mejillones, Huasco, Puchuncav\u00ed, Quintero y Coronel fuesen beneficiadas con una rebaja en las cuentas de electricidad, de acuerdo con la Ley de Estabilizaci\u00f3n de las Tarifas El\u00e9ctricas. <\/p>\n\n\n\n<p>Para la Seremi de Energ\u00eda, Daniela Espinoza, este reconocimiento es crucial, especialmente para la comuna de Coronel en el Biob\u00edo. <\/p>\n\n\n\n<p>\u00abEsta rebaja en las tarifas el\u00e9ctricas es un paso significativo para nuestra comunidad, sobre todo para Coronel, que hist\u00f3ricamente ha sido una zona afectada por la presencia de complejos termoel\u00e9ctricos a carb\u00f3n y que ahora est\u00e1 experimentando procesos de cese de operaciones. Esta era una sentida demanda de las comunidades que han tenido o tienen centrales termoel\u00e9ctricas. Este descuento implicar\u00e1 una reducci\u00f3n aproximada de entre 20% y 30% &#8211; dependiendo de la comuna y la actualizaci\u00f3n de los decretos tarifarios- en la cuenta final de clientes regulados de dichas comunas y se aplicar\u00e1 de manera autom\u00e1tica a partir del segundo semestre de 2024\u201d. <\/p>\n\n\n\n<p>En el marco de esta Ley, aprobada en el Congreso y publicada el pasado martes 30 de abril, se incluy\u00f3 un mecanismo de reconocimiento territorial para zonas denominadas en transici\u00f3n, definidas para este efecto como aquellas en que hist\u00f3ricamente se han ubicado complejos termoel\u00e9ctricos a carb\u00f3n y que actualmente viven procesos de cese de operaciones. <\/p>\n\n\n\n<p>Este beneficio se suma a rebajas tarifarias aprobadas con anterioridad y que reconocieron la generaci\u00f3n local de electricidad, otorgando un descuento en la boleta de consumo, seg\u00fan la intensidad de su aporte el\u00e9ctrico al Sistema El\u00e9ctrico Nacional.<\/p>\n\n\n\n<p>La decisi\u00f3n del Consejo de Ministros para la Sustentabilidad y el Cambio Clim\u00e1tico -presidido por la ministra de Medio Ambiente e integrado por los titulares de Energ\u00eda, Miner\u00eda, Econom\u00eda, Vivienda, Obras P\u00fablicas, Desarrollo Social, Educaci\u00f3n, Transportes y Telecomunicaciones, Ciencia, Hacienda, Salud, Bienes Nacionales. <\/p>\n\n\n\n<figure class=\"wp-block-image size-large\"><img decoding=\"async\" src=\"https:\/\/buensonido.cl\/wp-content\/uploads\/2024\/05\/1000097481-1024x768.jpg\" alt=\"\" class=\"wp-image-1711\"\/><\/figure>\n","protected":false},"excerpt":{"rendered":"<p>El Consejo de Ministros para la Sustentabilidad y el Cambio Clim\u00e1tico, en la sesi\u00f3n del viernes 3 de mayo, determin\u00f3 que las comunas en transici\u00f3n de Tocopilla, Mejillones, Huasco, Puchuncav\u00ed, Quintero y Coronel fuesen beneficiadas con una rebaja en las cuentas de electricidad, de acuerdo con la Ley de Estabilizaci\u00f3n de las Tarifas El\u00e9ctricas. Para &hellip;<\/p>\n","protected":false},"author":1,"featured_media":1711,"comment_status":"closed","ping_status":"closed","sticky":false,"template":"","format":"standard","meta":{"footnotes":""},"categories":[16],"tags":[],"class_list":["post-1710","post","type-post","status-publish","format-standard","has-post-thumbnail","hentry","category-actualidad"],"_links":{"self":[{"href":"https:\/\/buensonido.cl\/index.php?rest_route=\/wp\/v2\/posts\/1710","targetHints":{"allow":["GET"]}}],"collection":[{"href":"https:\/\/buensonido.cl\/index.php?rest_route=\/wp\/v2\/posts"}],"about":[{"href":"https:\/\/buensonido.cl\/index.php?rest_route=\/wp\/v2\/types\/post"}],"author":[{"embeddable":true,"href":"https:\/\/buensonido.cl\/index.php?rest_route=\/wp\/v2\/users\/1"}],"replies":[{"embeddable":true,"href":"https:\/\/buensonido.cl\/index.php?rest_route=%2Fwp%2Fv2%2Fcomments&post=1710"}],"version-history":[{"count":0,"href":"https:\/\/buensonido.cl\/index.php?rest_route=\/wp\/v2\/posts\/1710\/revisions"}],"wp:featuredmedia":[{"embeddable":true,"href":"https:\/\/buensonido.cl\/index.php?rest_route=\/wp\/v2\/media\/1711"}],"wp:attachment":[{"href":"https:\/\/buensonido.cl\/index.php?rest_route=%2Fwp%2Fv2%2Fmedia&parent=1710"}],"wp:term":[{"taxonomy":"category","embeddable":true,"href":"https:\/\/buensonido.cl\/index.php?rest_route=%2Fwp%2Fv2%2Fcategories&post=1710"},{"taxonomy":"post_tag","embeddable":true,"href":"https:\/\/buensonido.cl\/index.php?rest_route=%2Fwp%2Fv2%2Ftags&post=1710"}],"curies":[{"name":"wp","href":"https:\/\/api.w.org\/{rel}","templated":true}]}}