{"id":1692,"date":"2024-04-30T14:59:06","date_gmt":"2024-04-30T17:59:06","guid":{"rendered":"https:\/\/buensonido.cl\/?p=1692"},"modified":"2024-04-30T14:59:06","modified_gmt":"2024-04-30T17:59:06","slug":"mas-de-80-mujeres-dialogan-sobre-cuidados-en-san-pedro-de-la-paz","status":"publish","type":"post","link":"https:\/\/buensonido.cl\/?p=1692","title":{"rendered":"M\u00e1s de 80 mujeres dialogan sobre cuidados en San Pedro de la Paz"},"content":{"rendered":"\n<p>En el centro cultural de San Pedro de&nbsp;la Paz se desarroll\u00f3 un nuevo di\u00e1logo de cuidados, en donde m\u00e1s de 80 mujeres de toda la regi\u00f3n, pudieron entregar sus opiniones, reflexiones, apreciaciones, cr\u00edticas e ideas con respecto a la tem\u00e1tica. Esta instancia se desarroll\u00f3 con una metodolog\u00eda de trabajo que permiti\u00f3 obtener una sistematizaci\u00f3n regional para aportar en la construcci\u00f3n de una ley que cree un Sistema Nacional de Cuidados para el pa\u00eds.<\/p>\n\n\n\n<p>En la oportunidad particip\u00f3 la Subsecretar\u00eda de la Ni\u00f1ez del Ministerio de Desarrollo Social y Familia, Ver\u00f3nica Silva Villaroel, el Seremi de Desarrollo Social y Familia, Hedson D\u00edaz Cruces, la Seremi de la Mujer y Equidad de G\u00e9nero, Camila Contreras Pereira y la y el Alcalde de San Pedro de la Paz, Javier Gu\u00ed\u00f1ez Castro.<\/p>\n\n\n\n<p>Asistieron a este evento principalmente personas cuidadoras, casi en su totalidad mujeres, as\u00ed como tambi\u00e9n, representantes de organizaciones de cuidados, oficina de discapacidad, personas mayores y funcionarias de diversos programas y servicios p\u00fablicos.<\/p>\n\n\n\n<p>El evento tuvo como objetivo central el abordaje de la problem\u00e1tica de los cuidados desde un enfoque participativo, transversal y con equidad de g\u00e9nero. Los di\u00e1logos discutieron resultados obtenidos durante el primer semestre de 2023, cuando se realizaron consultas en todas las regiones del pa\u00eds, involucrando a 12,614 personas.<\/p>\n\n\n\n<p>\u201cHist\u00f3ricamente las personas en situaci\u00f3n de dependencia que requieren este servicio de cuidados han sido cubiertas por sus familias, espec\u00edficamente por mujeres, las cuales son m\u00e1s del 87% de las personas que ejercen esta labor en la regi\u00f3n del Biob\u00edo. Sin embargo, el acelerado cambio demogr\u00e1fico y el envejecimiento general de la poblaci\u00f3n, han provocado un aumento de la demanda de cuidados que no es resuelta por las familias. Es por ello, que el Sistema Nacional de Apoyos y Cuidados adquiere relevancia en la tarea de avanzar en mayor igualdad y bienestar para las personas en situaci\u00f3n de dependencia y sus cuidadoras\u201d, coment\u00f3 el Seremi de Desarrollo Social y Familia, Hedson D\u00edaz.<\/p>\n\n\n\n<p>\u201cEl Gobierno ha asumido el desaf\u00edo de implementar una nueva forma de organizar socialmente los cuidados para mejorar el bienestar de quienes requieren cuidados y quienes cuidan, a trav\u00e9s de la instalaci\u00f3n progresiva y territorial del Sistema Nacional de Apoyos y Cuidados, con el fin de reconocer este importante rol; prevenir, atender y retrasar la dependencia; promover la autonom\u00eda y transversalizar la corresponsabilidad social y de g\u00e9nero\u201d, coment\u00f3 la Subsecretaria de la Ni\u00f1ez, Ver\u00f3nica Silva.<\/p>\n\n\n\n<p><br>La Seremi de la Mujer y Equidad de G\u00e9nero, Camila Contreras Pereira, enfatiz\u00f3 la necesidad de un trabajo colaborativo entre instituciones p\u00fablicas para abordar la corresponsabilidad social y de g\u00e9nero en los cuidados. El encuentro incluy\u00f3 tambi\u00e9n una presentaci\u00f3n por parte del Seremi de Desarrollo Social y Familia de la Regi\u00f3n del Biob\u00edo, Hedson D\u00edaz Cruces, quien expuso sobre el contenido y avances del Sistema Nacional de Apoyos y Cuidados.<br><br>El evento culmin\u00f3 con un llamado a la participaci\u00f3n activa en las mesas de di\u00e1logo, donde cada grupo abord\u00f3 uno de los pilares de la pol\u00edtica p\u00fablica de cuidados. Con monitores asignados para guiar las discusiones, los participantes debatieron y compartieron ideas para contribuir a la consolidaci\u00f3n de una sociedad m\u00e1s justa y equitativa en el \u00e1mbito de los cuidados.<\/p>\n\n\n\n<figure class=\"wp-block-image size-large\"><img decoding=\"async\" src=\"https:\/\/buensonido.cl\/wp-content\/uploads\/2024\/04\/CUIDADOS-300-1-1024x683.jpeg\" alt=\"\" class=\"wp-image-1693\"\/><\/figure>\n","protected":false},"excerpt":{"rendered":"<p>En el centro cultural de San Pedro de&nbsp;la Paz se desarroll\u00f3 un nuevo di\u00e1logo de cuidados, en donde m\u00e1s de 80 mujeres de toda la regi\u00f3n, pudieron entregar sus opiniones, reflexiones, apreciaciones, cr\u00edticas e ideas con respecto a la tem\u00e1tica. Esta instancia se desarroll\u00f3 con una metodolog\u00eda de trabajo que permiti\u00f3 obtener una sistematizaci\u00f3n regional &hellip;<\/p>\n","protected":false},"author":1,"featured_media":1693,"comment_status":"closed","ping_status":"closed","sticky":false,"template":"","format":"standard","meta":{"footnotes":""},"categories":[16],"tags":[],"class_list":["post-1692","post","type-post","status-publish","format-standard","has-post-thumbnail","hentry","category-actualidad"],"_links":{"self":[{"href":"https:\/\/buensonido.cl\/index.php?rest_route=\/wp\/v2\/posts\/1692","targetHints":{"allow":["GET"]}}],"collection":[{"href":"https:\/\/buensonido.cl\/index.php?rest_route=\/wp\/v2\/posts"}],"about":[{"href":"https:\/\/buensonido.cl\/index.php?rest_route=\/wp\/v2\/types\/post"}],"author":[{"embeddable":true,"href":"https:\/\/buensonido.cl\/index.php?rest_route=\/wp\/v2\/users\/1"}],"replies":[{"embeddable":true,"href":"https:\/\/buensonido.cl\/index.php?rest_route=%2Fwp%2Fv2%2Fcomments&post=1692"}],"version-history":[{"count":0,"href":"https:\/\/buensonido.cl\/index.php?rest_route=\/wp\/v2\/posts\/1692\/revisions"}],"wp:featuredmedia":[{"embeddable":true,"href":"https:\/\/buensonido.cl\/index.php?rest_route=\/wp\/v2\/media\/1693"}],"wp:attachment":[{"href":"https:\/\/buensonido.cl\/index.php?rest_route=%2Fwp%2Fv2%2Fmedia&parent=1692"}],"wp:term":[{"taxonomy":"category","embeddable":true,"href":"https:\/\/buensonido.cl\/index.php?rest_route=%2Fwp%2Fv2%2Fcategories&post=1692"},{"taxonomy":"post_tag","embeddable":true,"href":"https:\/\/buensonido.cl\/index.php?rest_route=%2Fwp%2Fv2%2Ftags&post=1692"}],"curies":[{"name":"wp","href":"https:\/\/api.w.org\/{rel}","templated":true}]}}