{"id":1668,"date":"2024-04-26T21:34:11","date_gmt":"2024-04-27T00:34:11","guid":{"rendered":"https:\/\/buensonido.cl\/?p=1668"},"modified":"2024-04-26T21:34:11","modified_gmt":"2024-04-27T00:34:11","slug":"despues-de-14-anos-proyecto-habitacional-lota-green-es-una-realidad","status":"publish","type":"post","link":"https:\/\/buensonido.cl\/?p=1668","title":{"rendered":"Despu\u00e9s de 14 a\u00f1os: Proyecto habitacional Lota Green es una realidad"},"content":{"rendered":"\n<p>\u00ab14 a\u00f1os esperando, esto realmente es algo que me emociona mucho\u00bb, son las palabras de la se\u00f1ora Elena D\u00edaz, la primera vecina en recibir las llaves de su departamento durante este viernes y en las manos del propio Ministro de Vivienda, Carlos Montes.<\/p>\n\n\n\n<p>Sin duda este 26 de abril de 2024 es una fecha que los vecinos que comenzar\u00e1n su nueva vida en el proyecto habitacional Lota Green no olvidar\u00e1n nunca.<\/p>\n\n\n\n<p>Bien lo sabe Marcela Arriagada, presidenta de la Segunda Etapa de Lota Green, quien se\u00f1al\u00f3 que \u00abla palabra felicidad queda peque\u00f1a para tanto goce de las familias, estamos hablando de un proyecto que hoy finaliza despu\u00e9s de 14 a\u00f1os de trabajo, un proyecto que nace despu\u00e9s de una tragedia que fue el terremoto de 2010, siendo un proyecto que alberga a 600 familias\u00bb. <\/p>\n\n\n\n<p>El ministro de Vivienda, Carlos Montes, sostuvo que este proyecto se debe replicar en otras partes de Chile \u00abtenemos una forma de pensar y hacer la ciudad de Lota, de enriquecer la ciudad de Lota, con todos los elementos hist\u00f3ricos que la hacen tan valiosa\u00bb. <\/p>\n\n\n\n<p>La delegada presidencial, Daniela Dresdner, detall\u00f3 que \u00abes un proyecto emblem\u00e1tico porque incorpora restos patrimoniales dentro de la construcci\u00f3n, pero emblem\u00e1tico tambi\u00e9n porque es parte de una lucha de 14 a\u00f1os de las personas que est\u00e1n recibiendo por fin sus viviendas ac\u00e1\u00bb.<\/p>\n\n\n\n<p>En la ceremonia efectuada en el lugar tuvo tambi\u00e9n la presencia del alcalde de Lota, Patricio Marchant, parlamentarios, concejales, dirigentes y vecinos. <\/p>\n\n\n\n<figure class=\"wp-block-image size-large\"><img decoding=\"async\" src=\"https:\/\/buensonido.cl\/wp-content\/uploads\/2024\/04\/1000094099-1024x767.jpg\" alt=\"\" class=\"wp-image-1669\"\/><figcaption class=\"wp-element-caption\">Creado con dji camera de Buen Sonido<\/figcaption><\/figure>\n","protected":false},"excerpt":{"rendered":"<p>\u00ab14 a\u00f1os esperando, esto realmente es algo que me emociona mucho\u00bb, son las palabras de la se\u00f1ora Elena D\u00edaz, la primera vecina en recibir las llaves de su departamento durante este viernes y en las manos del propio Ministro de Vivienda, Carlos Montes. Sin duda este 26 de abril de 2024 es una fecha que &hellip;<\/p>\n","protected":false},"author":1,"featured_media":1669,"comment_status":"closed","ping_status":"closed","sticky":false,"template":"","format":"standard","meta":{"footnotes":""},"categories":[16],"tags":[],"class_list":["post-1668","post","type-post","status-publish","format-standard","has-post-thumbnail","hentry","category-actualidad"],"_links":{"self":[{"href":"https:\/\/buensonido.cl\/index.php?rest_route=\/wp\/v2\/posts\/1668","targetHints":{"allow":["GET"]}}],"collection":[{"href":"https:\/\/buensonido.cl\/index.php?rest_route=\/wp\/v2\/posts"}],"about":[{"href":"https:\/\/buensonido.cl\/index.php?rest_route=\/wp\/v2\/types\/post"}],"author":[{"embeddable":true,"href":"https:\/\/buensonido.cl\/index.php?rest_route=\/wp\/v2\/users\/1"}],"replies":[{"embeddable":true,"href":"https:\/\/buensonido.cl\/index.php?rest_route=%2Fwp%2Fv2%2Fcomments&post=1668"}],"version-history":[{"count":0,"href":"https:\/\/buensonido.cl\/index.php?rest_route=\/wp\/v2\/posts\/1668\/revisions"}],"wp:featuredmedia":[{"embeddable":true,"href":"https:\/\/buensonido.cl\/index.php?rest_route=\/wp\/v2\/media\/1669"}],"wp:attachment":[{"href":"https:\/\/buensonido.cl\/index.php?rest_route=%2Fwp%2Fv2%2Fmedia&parent=1668"}],"wp:term":[{"taxonomy":"category","embeddable":true,"href":"https:\/\/buensonido.cl\/index.php?rest_route=%2Fwp%2Fv2%2Fcategories&post=1668"},{"taxonomy":"post_tag","embeddable":true,"href":"https:\/\/buensonido.cl\/index.php?rest_route=%2Fwp%2Fv2%2Ftags&post=1668"}],"curies":[{"name":"wp","href":"https:\/\/api.w.org\/{rel}","templated":true}]}}