{"id":1535,"date":"2024-03-07T12:39:11","date_gmt":"2024-03-07T15:39:11","guid":{"rendered":"https:\/\/buensonido.cl\/?p=1535"},"modified":"2024-03-07T12:39:11","modified_gmt":"2024-03-07T15:39:11","slug":"por-medio-de-camaras-desde-abril-se-cursaran-partes-a-vehiculos-que-no-respeten-cruces-ferroviarios-en-la-linea-2","status":"publish","type":"post","link":"https:\/\/buensonido.cl\/?p=1535","title":{"rendered":"Por medio de c\u00e1maras: Desde abril se cursar\u00e1n partes a veh\u00edculos que no respeten cruces ferroviarios en la l\u00ednea 2"},"content":{"rendered":"\n<p>22 son los cruces que ya cuentan con c\u00e1maras de televigilancia, tecnolog\u00eda que permitir\u00e1 a Carabineros y a la Seremi de Transportes y Telecomunicaciones, cursar partes a veh\u00edculos que no respeten el correcto uso de los cruces ferroviarios en la l\u00ednea 2, que une a Concepci\u00f3n y Coronel.<\/p>\n\n\n\n<p>En lo que queda de marzo, los partes ser\u00e1n de cortes\u00eda y desde el 1 de abril comenzar\u00e1n a cursarse por parte de los equipos de fiscalizaci\u00f3n de la Seremi de Transportes y Telecomunicaciones y tambi\u00e9n, Carabineros. <\/p>\n\n\n\n<p>El seremi de la cartera, H\u00e9ctor Silva, se\u00f1al\u00f3 que lo que se busca es prevenir y crear conciencia en los conductores, sobre el buen uso de la se\u00f1al\u00e9tica presente en los cruces. <\/p>\n\n\n\n<p>Nelson Hern\u00e1ndez, Gerente de EFE Sur, sostuvo que se trata de una serie de proyectos que se est\u00e1n implementando en materia de prevenci\u00f3n desde hace un tiempo en la empresa. <\/p>\n\n\n\n<p>Las multas van desde las 1 y 1.5 UTM en adelante y depender\u00e1 de la gravedad de la infracci\u00f3n. <\/p>\n\n\n\n<p>Im\u00e1genes de Buen Sonido.- <\/p>\n\n\n\n<figure class=\"wp-block-image size-large is-resized\"><img decoding=\"async\" src=\"https:\/\/buensonido.cl\/wp-content\/uploads\/2024\/03\/1000080391-1024x768.jpg\" alt=\"\" class=\"wp-image-1536\" style=\"width:391px;height:auto\"\/><\/figure>\n\n\n\n<figure class=\"wp-block-image size-large is-resized\"><img decoding=\"async\" src=\"https:\/\/buensonido.cl\/wp-content\/uploads\/2024\/03\/1000080410-1024x768.jpg\" alt=\"\" class=\"wp-image-1537\" style=\"width:391px;height:auto\"\/><\/figure>\n\n\n\n<figure class=\"wp-block-image size-large\"><img decoding=\"async\" src=\"https:\/\/buensonido.cl\/wp-content\/uploads\/2024\/03\/1000080393-1024x768.jpg\" alt=\"\" class=\"wp-image-1538\"\/><\/figure>\n\n\n\n<figure class=\"wp-block-video\"><\/figure>\n","protected":false},"excerpt":{"rendered":"<p>22 son los cruces que ya cuentan con c\u00e1maras de televigilancia, tecnolog\u00eda que permitir\u00e1 a Carabineros y a la Seremi de Transportes y Telecomunicaciones, cursar partes a veh\u00edculos que no respeten el correcto uso de los cruces ferroviarios en la l\u00ednea 2, que une a Concepci\u00f3n y Coronel. En lo que queda de marzo, los &hellip;<\/p>\n","protected":false},"author":1,"featured_media":1538,"comment_status":"closed","ping_status":"closed","sticky":false,"template":"","format":"standard","meta":{"footnotes":""},"categories":[16],"tags":[],"class_list":["post-1535","post","type-post","status-publish","format-standard","has-post-thumbnail","hentry","category-actualidad"],"_links":{"self":[{"href":"https:\/\/buensonido.cl\/index.php?rest_route=\/wp\/v2\/posts\/1535","targetHints":{"allow":["GET"]}}],"collection":[{"href":"https:\/\/buensonido.cl\/index.php?rest_route=\/wp\/v2\/posts"}],"about":[{"href":"https:\/\/buensonido.cl\/index.php?rest_route=\/wp\/v2\/types\/post"}],"author":[{"embeddable":true,"href":"https:\/\/buensonido.cl\/index.php?rest_route=\/wp\/v2\/users\/1"}],"replies":[{"embeddable":true,"href":"https:\/\/buensonido.cl\/index.php?rest_route=%2Fwp%2Fv2%2Fcomments&post=1535"}],"version-history":[{"count":0,"href":"https:\/\/buensonido.cl\/index.php?rest_route=\/wp\/v2\/posts\/1535\/revisions"}],"wp:featuredmedia":[{"embeddable":true,"href":"https:\/\/buensonido.cl\/index.php?rest_route=\/wp\/v2\/media\/1538"}],"wp:attachment":[{"href":"https:\/\/buensonido.cl\/index.php?rest_route=%2Fwp%2Fv2%2Fmedia&parent=1535"}],"wp:term":[{"taxonomy":"category","embeddable":true,"href":"https:\/\/buensonido.cl\/index.php?rest_route=%2Fwp%2Fv2%2Fcategories&post=1535"},{"taxonomy":"post_tag","embeddable":true,"href":"https:\/\/buensonido.cl\/index.php?rest_route=%2Fwp%2Fv2%2Ftags&post=1535"}],"curies":[{"name":"wp","href":"https:\/\/api.w.org\/{rel}","templated":true}]}}