{"id":1514,"date":"2024-03-04T11:05:05","date_gmt":"2024-03-04T14:05:05","guid":{"rendered":"https:\/\/buensonido.cl\/?p=1514"},"modified":"2024-03-04T11:05:05","modified_gmt":"2024-03-04T14:05:05","slug":"jefe-de-infraestructura-del-gobierno-regional-senala-que-restriccion-vehicular-es-lo-minimo-que-se-deberia-ejecutar-para-mitigar-estres-vial-de-marzo","status":"publish","type":"post","link":"https:\/\/buensonido.cl\/?p=1514","title":{"rendered":"Jefe de infraestructura del Gobierno Regional se\u00f1ala que restricci\u00f3n vehicular es lo m\u00ednimo que se deber\u00eda ejecutar para mitigar estr\u00e9s vial de marzo"},"content":{"rendered":"\n<p>Con una visi\u00f3n cr\u00edtica a las medidas implementadas por el Ejecutivo para controlar el aumento del flujo vehicular que se produce con el inicio de marzo,&nbsp;el jefe de Infraestructura y Transportes del Gobierno Regional, \u00d3scar Ferrel, reiter\u00f3 que es perentorio que las autoridades implementen restricci\u00f3n vehicular en el Gran Concepci\u00f3n.<\/p>\n\n\n\n<p>La autoridad t\u00e9cnica, fue enf\u00e1tica en se\u00f1alar que las medidas de mitigaci\u00f3n anunciadas no son suficientes, debido al alto n\u00famero de motorizados que se reincorporan a las principales arterias de la ciudad con el comienzo del a\u00f1o escolar y el fin de las vacaciones.<\/p>\n\n\n\n<p>Ferrel expres\u00f3 su preocupaci\u00f3n por la falta de obras nuevas en la regi\u00f3n, se\u00f1alando que, a pesar de la reconstrucci\u00f3n tras el terremoto, el parque automotriz sigue creciendo sin una infraestructura vial que lo acompa\u00f1e. \u201cCreo que la restricci\u00f3n es lo m\u00ednimo que uno puede pedir, a la hora de mitigar el estr\u00e9s vial al que nos hemos sometido todos. Por eso es que pido mayor detalle y precisi\u00f3n, respecto de cu\u00e1ndo entran los colegios cu\u00e1ndo entran las universidades, por d\u00f3nde se va a rerutear\u201d, dijo.<\/p>\n\n\n\n<p>Agreg\u00f3 que desde el 27F del 2010, han ingresado aproximadamente mil autos por a\u00f1o al parque existente en la zona, ha generado una congesti\u00f3n significativa, exacerbando los problemas de movilidad en el Gran Concepci\u00f3n. &nbsp;\u201cSon 14 mil veh\u00edculos, respecto a una infraestructura que no crece. Cuando vemos que no hay medidas de restricci\u00f3n para veh\u00edculos particulares que son un factor importante de la congesti\u00f3n, obviamente no vamos a estar satisfechos\u201d, asegur\u00f3.<\/p>\n\n\n\n<p>Cabe se\u00f1alar, que desde el Ejecutivo se anunciaron algunas medidas de mitigaci\u00f3n, como el aumento del 30% en la cantidad de taxibuses &nbsp;que van a circular. Adem\u00e1s, se ha planificado una gesti\u00f3n de tr\u00e1nsito en cruces y v\u00edas principales, con la colaboraci\u00f3n de equipos municipales, carabineros y la UOCT, para mejorar la sincronizaci\u00f3n de sem\u00e1foros y garantizar una mejor movilidad. A juicio de \u00d3scar Ferrel, estas medidas son positivas, sin embargo, deben ir acompa\u00f1adas de un plan de comunicaci\u00f3n robusto, que entregue respuestas e informaci\u00f3n clara al usuario, que destaque la relevancia de mejorar el transporte y la movilidad en la regi\u00f3n.<\/p>\n\n\n\n<p>Respecto del per\u00edmetro de inclusi\u00f3n, Ferrel coment\u00f3 que es una regulaci\u00f3n nueva que es una buena herramienta, pero que no va a solucionar los problemas de ac\u00e1 a marzo. \u201cHay dos l\u00edneas de buses que no han firmado ser parte del per\u00edmetro. Una de ella tiene 100 m\u00e1quinas que van a San Pedro de La Paz, a Lomas Coloradas. No contar con ellas significa empeorar la condici\u00f3n de traslado de las personas\u201d, asever\u00f3.<\/p>\n\n\n\n<p>En este contexto, el Gobernador (s), expres\u00f3 que es crucial considerar a todos los usuarios, incluyendo veh\u00edculos, peatones y multimodo, al planificar pol\u00edticas de transporte, argumentado que hay que trabajar de forma integral. \u00a0\u201cPor ejemplo, es una gran noticia la ampliaci\u00f3n de horario del Biotr\u00e9n, pero es igual de importante saber que pasar\u00e1 con la gente que baja a esa hora y va a Lota. No podemos dejar a nuestros vecinos botados. Es una necesidad de la que tenemos que hacernos cargo\u201d, cerr\u00f3.<\/p>\n\n\n\n<figure class=\"wp-block-image size-large\"><img decoding=\"async\" src=\"https:\/\/buensonido.cl\/wp-content\/uploads\/2024\/03\/002-1024x777.jpeg\" alt=\"\" class=\"wp-image-1515\"\/><\/figure>\n","protected":false},"excerpt":{"rendered":"<p>Con una visi\u00f3n cr\u00edtica a las medidas implementadas por el Ejecutivo para controlar el aumento del flujo vehicular que se produce con el inicio de marzo,&nbsp;el jefe de Infraestructura y Transportes del Gobierno Regional, \u00d3scar Ferrel, reiter\u00f3 que es perentorio que las autoridades implementen restricci\u00f3n vehicular en el Gran Concepci\u00f3n. La autoridad t\u00e9cnica, fue enf\u00e1tica &hellip;<\/p>\n","protected":false},"author":1,"featured_media":1515,"comment_status":"closed","ping_status":"closed","sticky":false,"template":"","format":"standard","meta":{"footnotes":""},"categories":[16],"tags":[],"class_list":["post-1514","post","type-post","status-publish","format-standard","has-post-thumbnail","hentry","category-actualidad"],"_links":{"self":[{"href":"https:\/\/buensonido.cl\/index.php?rest_route=\/wp\/v2\/posts\/1514","targetHints":{"allow":["GET"]}}],"collection":[{"href":"https:\/\/buensonido.cl\/index.php?rest_route=\/wp\/v2\/posts"}],"about":[{"href":"https:\/\/buensonido.cl\/index.php?rest_route=\/wp\/v2\/types\/post"}],"author":[{"embeddable":true,"href":"https:\/\/buensonido.cl\/index.php?rest_route=\/wp\/v2\/users\/1"}],"replies":[{"embeddable":true,"href":"https:\/\/buensonido.cl\/index.php?rest_route=%2Fwp%2Fv2%2Fcomments&post=1514"}],"version-history":[{"count":0,"href":"https:\/\/buensonido.cl\/index.php?rest_route=\/wp\/v2\/posts\/1514\/revisions"}],"wp:featuredmedia":[{"embeddable":true,"href":"https:\/\/buensonido.cl\/index.php?rest_route=\/wp\/v2\/media\/1515"}],"wp:attachment":[{"href":"https:\/\/buensonido.cl\/index.php?rest_route=%2Fwp%2Fv2%2Fmedia&parent=1514"}],"wp:term":[{"taxonomy":"category","embeddable":true,"href":"https:\/\/buensonido.cl\/index.php?rest_route=%2Fwp%2Fv2%2Fcategories&post=1514"},{"taxonomy":"post_tag","embeddable":true,"href":"https:\/\/buensonido.cl\/index.php?rest_route=%2Fwp%2Fv2%2Ftags&post=1514"}],"curies":[{"name":"wp","href":"https:\/\/api.w.org\/{rel}","templated":true}]}}