{"id":1505,"date":"2024-03-01T12:22:32","date_gmt":"2024-03-01T15:22:32","guid":{"rendered":"https:\/\/buensonido.cl\/?p=1505"},"modified":"2024-03-01T12:22:32","modified_gmt":"2024-03-01T15:22:32","slug":"conadi-lanzo-en-la-region-del-biobio-el-nuevo-programa-de-accion-territorial-pat","status":"publish","type":"post","link":"https:\/\/buensonido.cl\/?p=1505","title":{"rendered":"CONADI lanz\u00f3 en la regi\u00f3n del Biob\u00edo el nuevo Programa de Acci\u00f3n Territorial, PAT"},"content":{"rendered":"\n<p>Continuando con la etapa de difusi\u00f3n en que se encuentra el nuevo Programa de Acci\u00f3n Territorial (PAT) de CONADI, el que constituye la continuidad de lo que fue el programa Or\u00edgenes y el programa Chile Ind\u00edgena, focalizando el trabajo con territorios donde se asignar\u00e1 presupuesto y asesor\u00eda t\u00e9cnica, para que definan sus prioridades a financiar mediante un Plan Territorial, esta vez, los funcionarios de la entidad de gobierno se trasladaron hasta Ca\u00f1ete, regi\u00f3n del Biob\u00edo.<\/p>\n\n\n\n<p>En esta zona, se realiz\u00f3 un acto, con la presencia de dirigentes, adem\u00e1s del Director Regional, Iv\u00e1n Carilao, el Seremi de Desarrollo Social, Hedson D\u00edaz y el alcalde de Ca\u00f1ete, Jorge Radonich.<\/p>\n\n\n\n<p>Este importante programa de Conadi llamado Plan de Acci\u00f3n Territorial durar\u00e1 4 a\u00f1os de intervenci\u00f3n territorial y que va permitir que del orden de 23 a 25 comunidades de la Provincia de Arauco puedan participar de esta instancia y que beneficiar\u00e1 fuertemente a las comunidades a sus territorios en microemprendimiento, en habilitaci\u00f3n de espacios comunes y en definitiva en un sinf\u00edn de mejoras que quieran lograr las comunidades mapuches\u201d, explic\u00f3 el Seremi de Desarrollo Social y Familia, Hedson D\u00edaz.&nbsp;<\/p>\n\n\n\n<p>En tanto, Iv\u00e1n Carilao, Director de Conadi en las regiones del Biob\u00edo, \u00d1uble y Maule, se\u00f1al\u00f3 que \u00abhoy lanzamos en la regi\u00f3n del Biob\u00edo el Programa de Acci\u00f3n Territorial, en una primera instancia a funcionarios municipales y actores relevantes locales, para que las comunidades puedan ir interioriz\u00e1ndose para postular. Este programa est\u00e1 focalizado territorialmente, para apoyar iniciativas que las propias comunidades prioricen\u201d, enfatiz\u00f3.&nbsp;<\/p>\n\n\n\n<p>Por su parte, Luis Almonacid, Encargado Nacional de la Unidad T\u00e9cnica del Programa de Acci\u00f3n Territorial, manifest\u00f3 que \u201ca este programa van a poder postular territorios que ya est\u00e9n trabajando de manera coordinada en proyectos productivos, sociales, culturales, etc., con un m\u00ednimo de cinco y un m\u00e1ximo de quince comunidades, las postulaciones cierran el 1 de Abril\u201d.<\/p>\n\n\n\n<p>Para su funcionamiento, el PAT cuenta con un presupuesto de $7.488 millones de pesos que se distribuir\u00e1n por medio de concursos regionales, y se debe considerar que este programa se ha focalizado en las regiones de Arica y Parinacota; Tarapac\u00e1; Metropolitana; Biob\u00edo (costa); La Araucan\u00eda; Los R\u00edos y Los Lagos (excluyendo Chilo\u00e9 y Palena).<\/p>\n\n\n\n<p>M\u00e1s informaci\u00f3n sobre el Programa de Acci\u00f3n Territorial (PAT) de CONADI, en la p\u00e1gina web <a href=\"http:\/\/www.conadi.gob.cl\/programa-accion-territorial\">www.conadi.gob.cl\/programa-accion-territorial<\/a><\/p>\n\n\n\n<figure class=\"wp-block-image size-large\"><img decoding=\"async\" src=\"https:\/\/buensonido.cl\/wp-content\/uploads\/2024\/03\/5-1024x683.jpg\" alt=\"\" class=\"wp-image-1506\"\/><\/figure>\n","protected":false},"excerpt":{"rendered":"<p>Continuando con la etapa de difusi\u00f3n en que se encuentra el nuevo Programa de Acci\u00f3n Territorial (PAT) de CONADI, el que constituye la continuidad de lo que fue el programa Or\u00edgenes y el programa Chile Ind\u00edgena, focalizando el trabajo con territorios donde se asignar\u00e1 presupuesto y asesor\u00eda t\u00e9cnica, para que definan sus prioridades a financiar &hellip;<\/p>\n","protected":false},"author":1,"featured_media":1506,"comment_status":"closed","ping_status":"closed","sticky":false,"template":"","format":"standard","meta":{"footnotes":""},"categories":[16],"tags":[],"class_list":["post-1505","post","type-post","status-publish","format-standard","has-post-thumbnail","hentry","category-actualidad"],"_links":{"self":[{"href":"https:\/\/buensonido.cl\/index.php?rest_route=\/wp\/v2\/posts\/1505","targetHints":{"allow":["GET"]}}],"collection":[{"href":"https:\/\/buensonido.cl\/index.php?rest_route=\/wp\/v2\/posts"}],"about":[{"href":"https:\/\/buensonido.cl\/index.php?rest_route=\/wp\/v2\/types\/post"}],"author":[{"embeddable":true,"href":"https:\/\/buensonido.cl\/index.php?rest_route=\/wp\/v2\/users\/1"}],"replies":[{"embeddable":true,"href":"https:\/\/buensonido.cl\/index.php?rest_route=%2Fwp%2Fv2%2Fcomments&post=1505"}],"version-history":[{"count":0,"href":"https:\/\/buensonido.cl\/index.php?rest_route=\/wp\/v2\/posts\/1505\/revisions"}],"wp:featuredmedia":[{"embeddable":true,"href":"https:\/\/buensonido.cl\/index.php?rest_route=\/wp\/v2\/media\/1506"}],"wp:attachment":[{"href":"https:\/\/buensonido.cl\/index.php?rest_route=%2Fwp%2Fv2%2Fmedia&parent=1505"}],"wp:term":[{"taxonomy":"category","embeddable":true,"href":"https:\/\/buensonido.cl\/index.php?rest_route=%2Fwp%2Fv2%2Fcategories&post=1505"},{"taxonomy":"post_tag","embeddable":true,"href":"https:\/\/buensonido.cl\/index.php?rest_route=%2Fwp%2Fv2%2Ftags&post=1505"}],"curies":[{"name":"wp","href":"https:\/\/api.w.org\/{rel}","templated":true}]}}