{"id":1485,"date":"2024-02-28T20:18:25","date_gmt":"2024-02-28T23:18:25","guid":{"rendered":"https:\/\/buensonido.cl\/?p=1485"},"modified":"2024-02-28T20:18:25","modified_gmt":"2024-02-28T23:18:25","slug":"mas-del-87-de-las-personas-que-se-declaran-cuidadoras-son-mujeres-en-el-biobio","status":"publish","type":"post","link":"https:\/\/buensonido.cl\/?p=1485","title":{"rendered":"M\u00e1s del 87% de las\u00a0personas que se declaran cuidadoras son mujeres en el Biob\u00edo"},"content":{"rendered":"\n<p>En los \u00faltimos a\u00f1os se ha visibilizado la importancia de los cuidados en el pa\u00eds, la labor de cuidar a otro u otra ha llevado a que los Gobiernos generen pol\u00edticas p\u00fablicas en relaci\u00f3n a esta materia, implementando la Red Local de Apoyos y Cuidados en el territorio, desarrollando una serie de di\u00e1logos para establecer un Sistema Nacional de Cuidados y generando indicadores relevantes, que antes no exist\u00edan en Chile, de quienes desarrollan esta acci\u00f3n y quienes son cuidados.\u00a0<\/p>\n\n\n\n<p>Marzo es el mes de la mujer y seg\u00fan el Reporte Nacional de Personas Cuidadoras del Programa Chile Cuida y el Registro Social de Hogares del Ministerio de Desarrollo Social y Familia, un 87% de las personas que cuidan en el Biob\u00edo, son mujeres y tan s\u00f3lo un 13% son hombres. Esta cifra es decidora para el Seremi de la cartera social en la Regi\u00f3n, Hedson D\u00edaz quien asegur\u00f3 que \u201cen el terreno hemos visto como las mujeres son quienes realizan la acci\u00f3n de cuidar, ya sea por su parentesco familiar, por sesgos de g\u00e9nero radicados en nuestra cultura, conforme a los cuales es la mujer la encargada de desarrollar labores de este tipo o bien por la postergaci\u00f3n tanto laboral como profesional, siendo ellas la \u00fanica persona que est\u00e1 en casa\u201d, a\u00f1adi\u00f3.<\/p>\n\n\n\n<p>\u201cLo importante ac\u00e1 es que hemos logrado visibilizar el cuidado, y como dice el Presidente Gabriel Boric, hemos des romantizado esta labor, cuidar es un trabajo, es demandante para las mujeres, cuidar desgasta tanto emocional como f\u00edsicamente y eso lo hemos palpado en cada casa que visitamos. Por eso es importante que se instaure el Sistema Nacional de Cuidados para que muchas mujeres m\u00e1s, puedan estar dentro de \u00e9ste, con el fin de que accedan a atenci\u00f3n preferente, a equipos multidisciplinarios que le permitan poder tener m\u00e1s espacios de esparcimiento, relajo y mejor calidad de vida, tanto para ellas como para las personas que cuidan\u201d, coment\u00f3 el Seremi D\u00edaz.<\/p>\n\n\n\n<p>La autoridad adem\u00e1s a\u00f1adi\u00f3 que durante el \u00faltimo a\u00f1o la Seremi de Desarrollo Social y Familia ha desarrollado una serie de di\u00e1logos de cuidados que han permitido levantar informaci\u00f3n relevante \u201clo importante ac\u00e1 es que estos di\u00e1logos de cuidados nos ha permitido escuchar mayoritariamente a mujeres cuidadoras de todo el Biob\u00edo, por lo que por primera vez, son ellas las que con su experiencia de perspectiva de g\u00e9nero, nos permitir\u00e1n entregar insumos relevantes para la instauraci\u00f3n de un Sistema Nacional de Cuidados con tinte de g\u00e9nero\u201d, a\u00f1adi\u00f3 la autoridad.<\/p>\n\n\n\n<p>Actualmente seg\u00fan el registro de cuidadores existen 11.030 personas cuidadoras en la regi\u00f3n del Biob\u00edo y m\u00e1s de 85 mil potenciales cuidadores. De esos el 75% est\u00e1 dentro del 40% m\u00e1s vulnerable del Registro Social de Hogares \u201cla mayor\u00eda de las mujeres cuidadoras est\u00e1n en el tramo m\u00e1s bajo del RSH, es por eso que la importancia de la Red Local de Apoyos y Cuidados en los territorios ha sido fundamental, esta red del Ministerio ejecutada por los municipios de 7 comunas del Biob\u00edo, ha logrado apoyar a m\u00e1s de 378 familias y ese apoyo se traduce en profesionales del \u00e1rea de la salud, diadas, ayudas t\u00e9cnicas, insumos m\u00e9dicos y salud mental, por lo que para las personas de menos recursos este aporte es de suma importancia, ya que el costo es muy alto econ\u00f3micamente, por lo que ya es un ahorro alt\u00edsimo para esos n\u00facleos familiares\u201d, agreg\u00f3 D\u00edaz. &nbsp;<\/p>\n\n\n\n<p>Actualmente el Gobierno de Chile est\u00e1 en proceso de presentar un proyecto de ley al Congreso Nacional para la creaci\u00f3n de un Sistema Nacional de Cuidados, adem\u00e1s de aumentar la Red Local de Apoyos y Cuidados en todo el pa\u00eds. Asimismo las personas cuidadoras ya cuentan con una credencial de atenci\u00f3n preferente en diversos servicios p\u00fablicos como Fonasa, Chile Atiende, Registro Civil, Banco Estado, Correos de Chile y se pretende incluir a instituciones privadas en esta atenci\u00f3n.<\/p>\n\n\n\n<p>\u201cInvitamos a las personas cuidadoras a inscribirse en el registro social de hogares, apartado de cuidados, para que puedan optar a la credencial de atenci\u00f3n preferente, es de suma importancia que cuenten con ella, ya que tendr\u00e1n acceso de forma r\u00e1pida y expedita a los servicios p\u00fablicos\u201d, enfatiz\u00f3 el Seremi Hedson D\u00edaz.<\/p>\n\n\n\n<figure class=\"wp-block-image size-large\"><img decoding=\"async\" src=\"https:\/\/buensonido.cl\/wp-content\/uploads\/2024\/02\/RLC-1-1024x768.jpg\" alt=\"\" class=\"wp-image-1486\"\/><\/figure>\n","protected":false},"excerpt":{"rendered":"<p>En los \u00faltimos a\u00f1os se ha visibilizado la importancia de los cuidados en el pa\u00eds, la labor de cuidar a otro u otra ha llevado a que los Gobiernos generen pol\u00edticas p\u00fablicas en relaci\u00f3n a esta materia, implementando la Red Local de Apoyos y Cuidados en el territorio, desarrollando una serie de di\u00e1logos para establecer &hellip;<\/p>\n","protected":false},"author":1,"featured_media":1486,"comment_status":"closed","ping_status":"closed","sticky":false,"template":"","format":"standard","meta":{"footnotes":""},"categories":[16],"tags":[],"class_list":["post-1485","post","type-post","status-publish","format-standard","has-post-thumbnail","hentry","category-actualidad"],"_links":{"self":[{"href":"https:\/\/buensonido.cl\/index.php?rest_route=\/wp\/v2\/posts\/1485","targetHints":{"allow":["GET"]}}],"collection":[{"href":"https:\/\/buensonido.cl\/index.php?rest_route=\/wp\/v2\/posts"}],"about":[{"href":"https:\/\/buensonido.cl\/index.php?rest_route=\/wp\/v2\/types\/post"}],"author":[{"embeddable":true,"href":"https:\/\/buensonido.cl\/index.php?rest_route=\/wp\/v2\/users\/1"}],"replies":[{"embeddable":true,"href":"https:\/\/buensonido.cl\/index.php?rest_route=%2Fwp%2Fv2%2Fcomments&post=1485"}],"version-history":[{"count":0,"href":"https:\/\/buensonido.cl\/index.php?rest_route=\/wp\/v2\/posts\/1485\/revisions"}],"wp:featuredmedia":[{"embeddable":true,"href":"https:\/\/buensonido.cl\/index.php?rest_route=\/wp\/v2\/media\/1486"}],"wp:attachment":[{"href":"https:\/\/buensonido.cl\/index.php?rest_route=%2Fwp%2Fv2%2Fmedia&parent=1485"}],"wp:term":[{"taxonomy":"category","embeddable":true,"href":"https:\/\/buensonido.cl\/index.php?rest_route=%2Fwp%2Fv2%2Fcategories&post=1485"},{"taxonomy":"post_tag","embeddable":true,"href":"https:\/\/buensonido.cl\/index.php?rest_route=%2Fwp%2Fv2%2Ftags&post=1485"}],"curies":[{"name":"wp","href":"https:\/\/api.w.org\/{rel}","templated":true}]}}