{"id":1459,"date":"2024-02-24T19:09:46","date_gmt":"2024-02-24T22:09:46","guid":{"rendered":"https:\/\/buensonido.cl\/?p=1459"},"modified":"2024-02-24T19:09:46","modified_gmt":"2024-02-24T22:09:46","slug":"con-70-emprendimientos-de-toda-la-region-fosis-biobio-lanzo-una-nueva-version-de-la-expofosis","status":"publish","type":"post","link":"https:\/\/buensonido.cl\/?p=1459","title":{"rendered":"Con 70 emprendimientos de toda la Regi\u00f3n, Fosis Biob\u00edo lanz\u00f3 una nueva versi\u00f3n de la ExpoFosis"},"content":{"rendered":"\n<p>Tras meses de preparaci\u00f3n, el Fondo de Solidaridad e Inversi\u00f3n Social \u2013 FOSIS \u2013 inaugur\u00f3 la decimotercera versi\u00f3n de la ExpoFOSIS #Biob\u00edoSolidario, que es una gran feria del emprendimiento que agrupa a 70 emprendimientos\u00a0de las tres provincias de la Regi\u00f3n del Biob\u00edo.<\/p>\n\n\n\n<p>Busca entregar una oportunidad y un espacio de comercializaci\u00f3n para los microemprendimientos que son parte del FOSIS, transform\u00e1ndose en una vitrina para dar a conocer sus productos y servicios a la comunidad.<\/p>\n\n\n\n<p>La feria destaca por contar con un sello inclusivo e intercultural, ya que, otorga espacios a personas con discapacidad y pertenecientes a los pueblos originarios.<\/p>\n\n\n\n<p>40 emprendimientos pertenecen a la provincia de Concepci\u00f3n, 16 a la provincia de Arauco y 14 a la provincia de Biob\u00edo, quienes fueron parte de los programas de emprendimiento del FOSIS en su\u00a0ejecuci\u00f3n 2023 y a quienes se les brinda el traslado y alojamiento en las cercan\u00edas del Parque Ecuador para facilitarles el acceso y todos los aspectos log\u00edsticos para la comercializaci\u00f3n de sus productos.<\/p>\n\n\n\n<p>Susana Gonz\u00e1lez Salazar, Directora Regional (s) del FOSIS Biob\u00edo, destac\u00f3 que \u201cla feria est\u00e1 representando a 27 de 33 comunas de la Regi\u00f3n. Son 70 emprendimientos de los cuales el 90% son representados por mujeres y las emprendedoras y emprendedores provienen de la l\u00ednea de emprendimiento del FOSIS Biob\u00edo, quienes han tenido excelentes desempe\u00f1os en la ejecuci\u00f3n de las iniciativas\u201d.<\/p>\n\n\n\n<p>La Delegada Presidencial Regional, Daniela Dresdner Vicencio, coment\u00f3 que \u201cnosotros como Gobierno de Chile y el mandato del Presidente Gabriel Boric, nos ha solicitado que estemos con la gente ayud\u00e1ndoles en sus necesidades. Este es un programa del FOSIS que ayuda a los emprendimientos a surgir, por eso se abre esta vitrina, donde emprendedoras y emprendedores pueden mostrar sus productos y pueden darse a conocer, que es lo m\u00e1s importante\u201d.<\/p>\n\n\n\n<p>El Seremi de Desarrollo Social y Familia, Hedson D\u00edaz Cruces, indic\u00f3 que \u201cestamos acompa\u00f1ando a las familias de diferentes territorios de la Regi\u00f3n del Biob\u00edo con un principio que nosotros definimos como el derecho a surgir, el derecho a poder tener oportunidades y en ese contexto, el FOSIS no solamente implementa este tipo de ferias, sino que tambi\u00e9n es un trabajo territorial de forma permanente donde, adem\u00e1s, se capacita a los emprendedores, se les acompa\u00f1a en su microemprendimiento y tambi\u00e9n se les asesora. Esta feria es la consolidaci\u00f3n de un trabajo de largo tiempo\u201d.<\/p>\n\n\n\n<p><strong>Emprendimientos<\/strong><\/p>\n\n\n\n<p>Mirta Proboste, emprendedora de Hualp\u00e9n que trabaja productos de cuero, explic\u00f3 que una instancia como esta abre una amplia gama de oportunidades y facilita el trabajo\u00a0\u201cesta feria nos permite mostrar nuestros emprendimientos a la comunidad y crecer como personas. El acompa\u00f1amiento del FOSIS ha sido fundamental porque mi artesan\u00eda la trabajaba a mano y con el apoyo del servicio hoy puedo tener m\u00e1quinas que me facilitan el trabajo\u201d, indic\u00f3 la emprendedora.<\/p>\n\n\n\n<p>De la misma forma, Freddy Toledo, emprendedor apicultor de Concepci\u00f3n coment\u00f3 que \u201cagradecemos a FOSIS por la oportunidad y por la capacitaci\u00f3n. Yo trabajo con miel y hoy vengo con resoluci\u00f3n sanitaria, algo que FOSIS tambi\u00e9n me ayud\u00f3 a obtener. Estamos felices de participar en esta gran feria\u201d.<\/p>\n\n\n\n<p>La ExpoFOSIS #Biob\u00edoSolidario estar\u00e1 funcionando hasta\u00a0las 21 horas\u00a0de este domingo en el sector La Cascada del Parque Ecuador. Recordar que la iniciativa tiene un tinte solidario ya que cuenta con un punto de acopio de productos de aseo personal nuevos y sellados para ir en ayuda de las personas afectadas por los incendios forestales.\u00a0<\/p>\n\n\n\n<figure class=\"wp-block-image size-large\"><img decoding=\"async\" src=\"https:\/\/buensonido.cl\/wp-content\/uploads\/2024\/02\/IMG_1250-1024x682.jpeg\" alt=\"\" class=\"wp-image-1460\"\/><\/figure>\n\n\n\n<figure class=\"wp-block-image size-large\"><img decoding=\"async\" src=\"https:\/\/buensonido.cl\/wp-content\/uploads\/2024\/02\/IMG_1251-1024x682.jpeg\" alt=\"\" class=\"wp-image-1461\"\/><\/figure>\n\n\n\n<figure class=\"wp-block-image size-large\"><img decoding=\"async\" src=\"https:\/\/buensonido.cl\/wp-content\/uploads\/2024\/02\/IMG_1253-1024x682.jpeg\" alt=\"\" class=\"wp-image-1462\"\/><\/figure>\n","protected":false},"excerpt":{"rendered":"<p>Tras meses de preparaci\u00f3n, el Fondo de Solidaridad e Inversi\u00f3n Social \u2013 FOSIS \u2013 inaugur\u00f3 la decimotercera versi\u00f3n de la ExpoFOSIS #Biob\u00edoSolidario, que es una gran feria del emprendimiento que agrupa a 70 emprendimientos\u00a0de las tres provincias de la Regi\u00f3n del Biob\u00edo. Busca entregar una oportunidad y un espacio de comercializaci\u00f3n para los microemprendimientos que &hellip;<\/p>\n","protected":false},"author":1,"featured_media":1460,"comment_status":"closed","ping_status":"closed","sticky":false,"template":"","format":"standard","meta":{"footnotes":""},"categories":[16],"tags":[],"class_list":["post-1459","post","type-post","status-publish","format-standard","has-post-thumbnail","hentry","category-actualidad"],"_links":{"self":[{"href":"https:\/\/buensonido.cl\/index.php?rest_route=\/wp\/v2\/posts\/1459","targetHints":{"allow":["GET"]}}],"collection":[{"href":"https:\/\/buensonido.cl\/index.php?rest_route=\/wp\/v2\/posts"}],"about":[{"href":"https:\/\/buensonido.cl\/index.php?rest_route=\/wp\/v2\/types\/post"}],"author":[{"embeddable":true,"href":"https:\/\/buensonido.cl\/index.php?rest_route=\/wp\/v2\/users\/1"}],"replies":[{"embeddable":true,"href":"https:\/\/buensonido.cl\/index.php?rest_route=%2Fwp%2Fv2%2Fcomments&post=1459"}],"version-history":[{"count":0,"href":"https:\/\/buensonido.cl\/index.php?rest_route=\/wp\/v2\/posts\/1459\/revisions"}],"wp:featuredmedia":[{"embeddable":true,"href":"https:\/\/buensonido.cl\/index.php?rest_route=\/wp\/v2\/media\/1460"}],"wp:attachment":[{"href":"https:\/\/buensonido.cl\/index.php?rest_route=%2Fwp%2Fv2%2Fmedia&parent=1459"}],"wp:term":[{"taxonomy":"category","embeddable":true,"href":"https:\/\/buensonido.cl\/index.php?rest_route=%2Fwp%2Fv2%2Fcategories&post=1459"},{"taxonomy":"post_tag","embeddable":true,"href":"https:\/\/buensonido.cl\/index.php?rest_route=%2Fwp%2Fv2%2Ftags&post=1459"}],"curies":[{"name":"wp","href":"https:\/\/api.w.org\/{rel}","templated":true}]}}