{"id":1451,"date":"2024-02-22T18:51:38","date_gmt":"2024-02-22T21:51:38","guid":{"rendered":"https:\/\/buensonido.cl\/?p=1451"},"modified":"2024-02-22T18:51:38","modified_gmt":"2024-02-22T21:51:38","slug":"habitantes-de-isla-mocha-nuevamente-sin-suministro-electrico-municipio-de-lebu-gestiona-solucion-definitiva","status":"publish","type":"post","link":"https:\/\/buensonido.cl\/?p=1451","title":{"rendered":"Habitantes de Isla Mocha nuevamente sin suministro el\u00e9ctrico. Municipio de Lebu gestiona soluci\u00f3n definitiva"},"content":{"rendered":"\n<p>8 d\u00edas completaron los habitantes de Isla Mocha sin suministro el\u00e9ctrico debido a una falla en el generador que entrega electricidad a los domicilios y recintos p\u00fablicos. <\/p>\n\n\n\n<p>Desde el municipio de Lebu, quien tiene jurisdicci\u00f3n sobre el territorio insular, se\u00f1alaron que est\u00e1n trabajando en una soluci\u00f3n.<\/p>\n\n\n\n<p>El alcalde subrogante de Lebu, Jorge Rabanal Gallegos, sostuvo que \u00abel generador presenta un problema, que es un generador bastante grande que responde para toda la Isla, no hemos podido arreglar una falla que se dio en un sector del generador que es el turbo, se sac\u00f3 la pieza, se arregl\u00f3 en el continente, se volvi\u00f3 a instalar pero ha presentado dificultades, por lo que seguimoa trabajando en ello, pero estamos buscando alternativas, como tener otro generador\u00bb.<\/p>\n\n\n\n<p>\u00abEn lo que si estamos trabajando es en tener una soluci\u00f3n definitiva tambi\u00e9n, para eso hemos tenido reuniones con los que se adjudicaron un proyecto, vamos a instalar dos generadores nuevos que ya est\u00e1n comprados y se est\u00e1 preparando el env\u00edo, estos van a suplir lo que tenemos hasta el momento, pero adem\u00e1s a normalizar ante la Superintendencia de Electricidad y Combustibles todo el sistema de la operaci\u00f3n de auto generaci\u00f3n el\u00e9ctrica \u00ab, a\u00f1adi\u00f3 el alcalde subrogante.<\/p>\n\n\n\n<p>El jefe comunal subrogante detall\u00f3 que \u00abestamos entregando combustible para aquellos que tienen generador puedan enfrentar esta emergencia con sus propios generadores y con los dirigentes hemos estado conversando, debo se\u00f1alar que hoy sali\u00f3 un comunicado a nombre de la Junta de Vecinos Norte y de la Junta de Vecinos Sur, y ambos presidentes de las Juntas de Vecinos han conversado conmigo y me se\u00f1alaron que ellos no han sacado dichos comunicados, porque con ellos tenemos una relaci\u00f3n estable, donde ellos defienden sus puntos, manifiestan sus reparos, pero estas declaraciones no las han emitido las juntas de vecinos \u00ab. <\/p>\n\n\n\n<p>El comunicado se\u00f1ala cu\u00e1les ser\u00edan las principales problem\u00e1ticas por las que est\u00e1n pasando los mochanos, aunque desde el municipio aseguran que no fue emitido por las juntas de vecinos. <\/p>\n\n\n\n<p>Revisa lo que mencionan en el siguiente texto: <\/p>\n\n\n\n<figure class=\"wp-block-image size-large is-resized\"><img decoding=\"async\" src=\"https:\/\/buensonido.cl\/wp-content\/uploads\/2024\/02\/IMG_20240222_161922-660x1024.jpg\" alt=\"\" class=\"wp-image-1452\" style=\"width:391px;height:auto\"\/><\/figure>\n\n\n\n<figure class=\"wp-block-image size-large is-resized\"><img decoding=\"async\" src=\"https:\/\/buensonido.cl\/wp-content\/uploads\/2024\/02\/Screenshot_2024-02-22-16-19-30-112_com.instagram.android-edit-1024x906.jpg\" alt=\"\" class=\"wp-image-1453\" style=\"width:391px;height:auto\"\/><\/figure>\n\n\n\n<figure class=\"wp-block-image size-large\"><img decoding=\"async\" src=\"https:\/\/buensonido.cl\/wp-content\/uploads\/2024\/02\/IMG-20220317-WA0009-1024x682.jpg\" alt=\"\" class=\"wp-image-1454\"\/><\/figure>\n\n\n\n<figure class=\"wp-block-image size-large is-resized\"><img decoding=\"async\" src=\"https:\/\/buensonido.cl\/wp-content\/uploads\/2024\/02\/IMG-20220317-WA0012-1024x682.jpg\" alt=\"\" class=\"wp-image-1455\" style=\"width:391px;height:auto\"\/><\/figure>\n\n\n\n<figure class=\"wp-block-image size-large\"><img decoding=\"async\" src=\"https:\/\/buensonido.cl\/wp-content\/uploads\/2024\/02\/IMG-20220317-WA0016-1024x682.jpg\" alt=\"\" class=\"wp-image-1456\"\/><\/figure>\n\n\n\n<p>Cabe mencionar que anteriormente ya hab\u00edan tenido problemas con el suministro completando 14 d\u00edas sin servicio. <\/p>\n","protected":false},"excerpt":{"rendered":"<p>8 d\u00edas completaron los habitantes de Isla Mocha sin suministro el\u00e9ctrico debido a una falla en el generador que entrega electricidad a los domicilios y recintos p\u00fablicos. Desde el municipio de Lebu, quien tiene jurisdicci\u00f3n sobre el territorio insular, se\u00f1alaron que est\u00e1n trabajando en una soluci\u00f3n. El alcalde subrogante de Lebu, Jorge Rabanal Gallegos, sostuvo &hellip;<\/p>\n","protected":false},"author":1,"featured_media":1456,"comment_status":"closed","ping_status":"closed","sticky":false,"template":"","format":"standard","meta":{"footnotes":""},"categories":[16],"tags":[],"class_list":["post-1451","post","type-post","status-publish","format-standard","has-post-thumbnail","hentry","category-actualidad"],"_links":{"self":[{"href":"https:\/\/buensonido.cl\/index.php?rest_route=\/wp\/v2\/posts\/1451","targetHints":{"allow":["GET"]}}],"collection":[{"href":"https:\/\/buensonido.cl\/index.php?rest_route=\/wp\/v2\/posts"}],"about":[{"href":"https:\/\/buensonido.cl\/index.php?rest_route=\/wp\/v2\/types\/post"}],"author":[{"embeddable":true,"href":"https:\/\/buensonido.cl\/index.php?rest_route=\/wp\/v2\/users\/1"}],"replies":[{"embeddable":true,"href":"https:\/\/buensonido.cl\/index.php?rest_route=%2Fwp%2Fv2%2Fcomments&post=1451"}],"version-history":[{"count":0,"href":"https:\/\/buensonido.cl\/index.php?rest_route=\/wp\/v2\/posts\/1451\/revisions"}],"wp:featuredmedia":[{"embeddable":true,"href":"https:\/\/buensonido.cl\/index.php?rest_route=\/wp\/v2\/media\/1456"}],"wp:attachment":[{"href":"https:\/\/buensonido.cl\/index.php?rest_route=%2Fwp%2Fv2%2Fmedia&parent=1451"}],"wp:term":[{"taxonomy":"category","embeddable":true,"href":"https:\/\/buensonido.cl\/index.php?rest_route=%2Fwp%2Fv2%2Fcategories&post=1451"},{"taxonomy":"post_tag","embeddable":true,"href":"https:\/\/buensonido.cl\/index.php?rest_route=%2Fwp%2Fv2%2Ftags&post=1451"}],"curies":[{"name":"wp","href":"https:\/\/api.w.org\/{rel}","templated":true}]}}