{"id":1440,"date":"2024-02-21T16:36:20","date_gmt":"2024-02-21T19:36:20","guid":{"rendered":"https:\/\/buensonido.cl\/?p=1440"},"modified":"2024-02-21T16:36:20","modified_gmt":"2024-02-21T19:36:20","slug":"biotren-tendra-un-nuevo-horario-nocturno-hacia-coronel-desde-marzo","status":"publish","type":"post","link":"https:\/\/buensonido.cl\/?p=1440","title":{"rendered":"Biotren tendr\u00e1 un nuevo horario nocturno hacia Coronel desde marzo"},"content":{"rendered":"\n<p>Biotren contar\u00e1 con un servicio m\u00e1s en la noche entre Concepci\u00f3n y Coronel.<\/p>\n\n\n\n<p>Nelson Hern\u00e1ndez, gerente de Efe Sur se\u00f1al\u00f3 que \u00abel biotren es un servicio que opera a plena capacidad, sin embargo, se est\u00e1n haciendo esfuerzos en coordinaci\u00f3n con el Ministerio de Transportes, que van a significar aumentar los servicios en la l\u00ednea 2 en un servicio adicional y 5 servicios en la l\u00ednea 1, que nos van a permitir dar mayor fluidez a las combinaciones de pasajeros que vienen de Hualqui, hacen intercambio en la estaci\u00f3n Concepci\u00f3n y que van a Coronel y viceversa, lo mismo del sector de Talcahuano\u00bb. <\/p>\n\n\n\n<p>Hern\u00e1ndez agreg\u00f3 que \u00abse est\u00e1 avanzando en temas de seguridad con el ministerio de Transportes en seguridad en cruces, la posibilidad de que el ministerio de Transportes y Carabineros, a trav\u00e9s, de las camaras que tiene la unidad de ferrocarriles se puedan cursar multas a infractores que cruzan la v\u00eda no respetando la se\u00f1alizaci\u00f3n vigente, mejorando algunas condiciones de operaci\u00f3n, eso es lo que estamos esperando para este mes de marzo, adem\u00e1s de incorporar un tren en la noche a las 22:20 horas, que es el \u00faltimo servicio entre Concepci\u00f3n y Coronel\u00bb. <\/p>\n\n\n\n<p>Imagen de Pablo Retamal.<\/p>\n\n\n\n<figure class=\"wp-block-image size-large\"><img decoding=\"async\" src=\"https:\/\/buensonido.cl\/wp-content\/uploads\/2024\/02\/image00001-1024x683.jpeg\" alt=\"\" class=\"wp-image-1441\"\/><figcaption class=\"wp-element-caption\">default<\/figcaption><\/figure>\n","protected":false},"excerpt":{"rendered":"<p>Biotren contar\u00e1 con un servicio m\u00e1s en la noche entre Concepci\u00f3n y Coronel. Nelson Hern\u00e1ndez, gerente de Efe Sur se\u00f1al\u00f3 que \u00abel biotren es un servicio que opera a plena capacidad, sin embargo, se est\u00e1n haciendo esfuerzos en coordinaci\u00f3n con el Ministerio de Transportes, que van a significar aumentar los servicios en la l\u00ednea 2 &hellip;<\/p>\n","protected":false},"author":1,"featured_media":1441,"comment_status":"closed","ping_status":"closed","sticky":false,"template":"","format":"standard","meta":{"footnotes":""},"categories":[16],"tags":[],"class_list":["post-1440","post","type-post","status-publish","format-standard","has-post-thumbnail","hentry","category-actualidad"],"_links":{"self":[{"href":"https:\/\/buensonido.cl\/index.php?rest_route=\/wp\/v2\/posts\/1440","targetHints":{"allow":["GET"]}}],"collection":[{"href":"https:\/\/buensonido.cl\/index.php?rest_route=\/wp\/v2\/posts"}],"about":[{"href":"https:\/\/buensonido.cl\/index.php?rest_route=\/wp\/v2\/types\/post"}],"author":[{"embeddable":true,"href":"https:\/\/buensonido.cl\/index.php?rest_route=\/wp\/v2\/users\/1"}],"replies":[{"embeddable":true,"href":"https:\/\/buensonido.cl\/index.php?rest_route=%2Fwp%2Fv2%2Fcomments&post=1440"}],"version-history":[{"count":0,"href":"https:\/\/buensonido.cl\/index.php?rest_route=\/wp\/v2\/posts\/1440\/revisions"}],"wp:featuredmedia":[{"embeddable":true,"href":"https:\/\/buensonido.cl\/index.php?rest_route=\/wp\/v2\/media\/1441"}],"wp:attachment":[{"href":"https:\/\/buensonido.cl\/index.php?rest_route=%2Fwp%2Fv2%2Fmedia&parent=1440"}],"wp:term":[{"taxonomy":"category","embeddable":true,"href":"https:\/\/buensonido.cl\/index.php?rest_route=%2Fwp%2Fv2%2Fcategories&post=1440"},{"taxonomy":"post_tag","embeddable":true,"href":"https:\/\/buensonido.cl\/index.php?rest_route=%2Fwp%2Fv2%2Ftags&post=1440"}],"curies":[{"name":"wp","href":"https:\/\/api.w.org\/{rel}","templated":true}]}}