{"id":1408,"date":"2024-02-20T14:24:22","date_gmt":"2024-02-20T17:24:22","guid":{"rendered":"https:\/\/buensonido.cl\/?p=1408"},"modified":"2024-02-20T14:24:22","modified_gmt":"2024-02-20T17:24:22","slug":"vuelven-a-abrir-centro-de-acogida-territorial-a-personas-en-situacion-de-calle","status":"publish","type":"post","link":"https:\/\/buensonido.cl\/?p=1408","title":{"rendered":"Vuelven a abrir Centro de Acogida Territorial a personas en situaci\u00f3n de calle"},"content":{"rendered":"\n<p>Con huevos revueltos y palta, pan amasado y un rico caf\u00e9 como entorno se dio el vamos a la apertura del Centro de Acogida Territorial (CAT) en Concepci\u00f3n. Este dispositivo del Plan Protege Calle del Ministerio de Desarrollo Social y Familia y que es ejecutado por la Corporaci\u00f3n Sempiterno viene a entregar servicios b\u00e1sicos de forma diurna a las personas en situaci\u00f3n de calle que lo utilizan. Este inmueble ubicado en calle Angol 332, beneficiar\u00e1 a m\u00e1s de 65 personas diariamente y su inversi\u00f3n supera los 437 millones de pesos.<\/p>\n\n\n\n<p>\u201cEstamos dando inicio a las operaciones del Centro de Acogida Territorial en Concepci\u00f3n que es uno de los dispositivos del Plan Protege Calle, este inmueble de calle Angol 332 permitir\u00e1 que m\u00e1s de 65 personas puedan acceder a servicios como lavander\u00eda, duchas, rutas de proximidad, cocina y acompa\u00f1amiento psicosocial. Adem\u00e1s de su apertura estamos anunciando que este centro de acogida tiene asegurado financiamiento por 3 a\u00f1os m\u00e1s lo que fue un tremendo trabajo para conseguir esta extensi\u00f3n que generalmente son convenios por un solo a\u00f1o\u201d, coment\u00f3 el Seremi de Desarrollo Social y Familia, Hedson D\u00edaz Cruces.<\/p>\n\n\n\n<p>\u201cNosotros invitamos a las personas a ocupar este dispositivo, ustedes entender\u00e1n que nosotros funcionamos por el principio de voluntariedad, ya que las personas deciden si desean o no participar de nuestros diversos dispositivos, por lo que es importante resaltar que todos los otros inmuebles y acciones que desarrollemos en pro de las personas en situaci\u00f3n de calle, est\u00e1 supeditada a este principio, por eso lo albergues, rutas sociales, m\u00e9dicas, casas compartidas, viviendas primero y toda nuestra oferta est\u00e1 disponible siempre para quienes pernoctan en la v\u00eda p\u00fablica\u201d, agreg\u00f3 el Seremi D\u00edaz. &nbsp;&nbsp;<\/p>\n\n\n\n<p>\u201cAc\u00e1 estamos muy contentos, estamos hablando de que durante tres a\u00f1os m\u00e1s, seguiremos con este Centro de Acogida Territorial en Concepci\u00f3n, un centro que lo que ha buscado es entregar afecto a sus participantes, entendiendo la dif\u00edcil situaci\u00f3n que ellos y ellas viven a diario. Hoy demostramos que el afecto y cari\u00f1o son la mejor moneda de cambio para que ellos logren, en parte, salir de sus problemas y comenzar a cambiar sus vidas en la escala de superaci\u00f3n de la pobreza\u201d, coment\u00f3 Loreto Vidal, Directora Ejecutiva de Corporaci\u00f3n Sempiterno.<\/p>\n\n\n\n<p><strong>El centro dispone de un Servicio Ruta de Proximidad<\/strong>&nbsp;<strong>(25 cupos diarios) que brinda<\/strong>&nbsp;traslado desde el punto calle al dispositivo, facilitando el ingreso a las dependencias. Se le entrega alimentaci\u00f3n y abrigo en caso no sea posible el traslado de forma voluntaria.<\/p>\n\n\n\n<p>Viviana Cabezas, usuaria del CAT coment\u00f3 que \u201cesto nos sirve a todos los que vivimos en la calle, porque tenemos para cocinar, para ba\u00f1arnos, para lavar nuestra ropa y aparte tenemos el cari\u00f1o del equipo que es fundamental cuando uno la est\u00e1 pasando mal, entonces saber que seguir\u00e1 funcionando y por tantos a\u00f1os a nosotros nos pone muy felices es una ayuda fundamental para todos\u201d enfatiz\u00f3 la usuaria.<\/p>\n\n\n\n<figure class=\"wp-block-image size-large\"><img decoding=\"async\" src=\"https:\/\/buensonido.cl\/wp-content\/uploads\/2024\/02\/CAT-2-1024x768.jpeg\" alt=\"\" class=\"wp-image-1409\"\/><\/figure>\n\n\n\n<figure class=\"wp-block-image size-large\"><img decoding=\"async\" src=\"https:\/\/buensonido.cl\/wp-content\/uploads\/2024\/02\/CAT-7-1024x768.jpeg\" alt=\"\" class=\"wp-image-1410\"\/><\/figure>\n\n\n\n<figure class=\"wp-block-image size-large\"><img decoding=\"async\" src=\"https:\/\/buensonido.cl\/wp-content\/uploads\/2024\/02\/CAT-10-1024x768.jpeg\" alt=\"\" class=\"wp-image-1411\"\/><\/figure>\n","protected":false},"excerpt":{"rendered":"<p>Con huevos revueltos y palta, pan amasado y un rico caf\u00e9 como entorno se dio el vamos a la apertura del Centro de Acogida Territorial (CAT) en Concepci\u00f3n. Este dispositivo del Plan Protege Calle del Ministerio de Desarrollo Social y Familia y que es ejecutado por la Corporaci\u00f3n Sempiterno viene a entregar servicios b\u00e1sicos de &hellip;<\/p>\n","protected":false},"author":1,"featured_media":1411,"comment_status":"closed","ping_status":"closed","sticky":false,"template":"","format":"standard","meta":{"footnotes":""},"categories":[16],"tags":[],"class_list":["post-1408","post","type-post","status-publish","format-standard","has-post-thumbnail","hentry","category-actualidad"],"_links":{"self":[{"href":"https:\/\/buensonido.cl\/index.php?rest_route=\/wp\/v2\/posts\/1408","targetHints":{"allow":["GET"]}}],"collection":[{"href":"https:\/\/buensonido.cl\/index.php?rest_route=\/wp\/v2\/posts"}],"about":[{"href":"https:\/\/buensonido.cl\/index.php?rest_route=\/wp\/v2\/types\/post"}],"author":[{"embeddable":true,"href":"https:\/\/buensonido.cl\/index.php?rest_route=\/wp\/v2\/users\/1"}],"replies":[{"embeddable":true,"href":"https:\/\/buensonido.cl\/index.php?rest_route=%2Fwp%2Fv2%2Fcomments&post=1408"}],"version-history":[{"count":0,"href":"https:\/\/buensonido.cl\/index.php?rest_route=\/wp\/v2\/posts\/1408\/revisions"}],"wp:featuredmedia":[{"embeddable":true,"href":"https:\/\/buensonido.cl\/index.php?rest_route=\/wp\/v2\/media\/1411"}],"wp:attachment":[{"href":"https:\/\/buensonido.cl\/index.php?rest_route=%2Fwp%2Fv2%2Fmedia&parent=1408"}],"wp:term":[{"taxonomy":"category","embeddable":true,"href":"https:\/\/buensonido.cl\/index.php?rest_route=%2Fwp%2Fv2%2Fcategories&post=1408"},{"taxonomy":"post_tag","embeddable":true,"href":"https:\/\/buensonido.cl\/index.php?rest_route=%2Fwp%2Fv2%2Ftags&post=1408"}],"curies":[{"name":"wp","href":"https:\/\/api.w.org\/{rel}","templated":true}]}}