{"id":1405,"date":"2024-02-20T14:21:39","date_gmt":"2024-02-20T17:21:39","guid":{"rendered":"https:\/\/buensonido.cl\/?p=1405"},"modified":"2024-02-20T14:21:39","modified_gmt":"2024-02-20T17:21:39","slug":"patricio-fierro-expofosis-una-vitrina-para-fortalecer-el-emprendimiento-local","status":"publish","type":"post","link":"https:\/\/buensonido.cl\/?p=1405","title":{"rendered":"Patricio Fierro: ExpoFOSIS, una vitrina para fortalecer el emprendimiento local"},"content":{"rendered":"\n<p>Abrir espacios de comercializaci\u00f3n y exhibici\u00f3n para emprendedoras y emprendedores se ha transformado en un pilar para los servicios p\u00fablicos orientados al emprendimiento en el gobierno del Presidente Gabriel Boric.<\/p>\n\n\n\n<p>En el FOSIS Biob\u00edo hemos atendido el llamado presidencial y estamos ad portas de inaugurar una nueva versi\u00f3n de la ExpoFOSIS, gran feria regional que por m\u00e1s de 12 a\u00f1os ha reunido a destacados emprendimientos de familias en situaci\u00f3n de vulnerabilidad social y la que, adem\u00e1s, destaca por su sello inclusivo con la participaci\u00f3n de personas con discapacidad y de pueblos originarios; y su sentido solidario con la instalaci\u00f3n, por segundo a\u00f1o consecutivo, de un punto de acopio para recibir \u00fatiles de aseo personal sellados que ir\u00e1n en apoyo de las familias afectadas por los incendios forestales, pues consideramos que es fundamental no olvidar a las personas que han vivido distintos tipos de emergencias que, en muchos casos, lo perdieron todo.&nbsp;<\/p>\n\n\n\n<p>Desde hace varios a\u00f1os, el FOSIS Biob\u00edo viene trabajando programas con visi\u00f3n inclusiva, donde destacan, por ejemplo, el \u201cMicroempresa e Inclusi\u00f3n\u201d y \u201cel Emprendamos Semilla Telet\u00f3n\u201d, iniciativas desde donde participar\u00e1n personas emprendedoras en nuestra ExpoFOSIS, quienes sorprenden por su talento y resiliencia.<\/p>\n\n\n\n<p>En esta nueva versi\u00f3n, contaremos con 70 emprendedoras y emprendedores de las tres provincias de nuestra Regi\u00f3n, quienes han sido parte de los programas de apoyo al emprendimiento del FOSIS Biob\u00edo y donde destaca la gran participaci\u00f3n de mujeres jefas de hogar, siendo 63 las expositoras.<\/p>\n\n\n\n<p>Como cada a\u00f1o, abrimos espacio a diversos tipos de emprendimientos en una hermosa y gran carpa equipada con todo lo necesario para cada stand, categoriz\u00e1ndolos en artesan\u00edas, textil, miscel\u00e1neos y gastron\u00f3micos, lo que nos permite presentar negocios de mucha creatividad, atractivos y \u00fatiles para responder a las necesidades de las y los visitantes. Esto significa un trabajo de muchos meses donde participan grandes equipos que vierten todo su compromiso y esfuerzo para hacer de esta una experiencia inolvidable para cada participante, adem\u00e1s, de transformarla en una oportunidad para potenciar sus negocios, oportunidad que es nuestro deber propiciar como Estado. Con ello, el compromiso es seguir facilitando espacios que fomenten la participaci\u00f3n y potencien el comercio local. Estamos seguros de que este es el camino a seguir, porque la experiencia as\u00ed lo refleja.<\/p>\n\n\n\n<p>Con iniciativas como esta, donde el foco son las familias y el mejorar su calidad de vida, estamos dando un paso m\u00e1s para cumplir uno de los objetivos que nos trazamos durante el 2023 y que fortaleceremos este 2024: hacer vivo el derecho que todas las personas tienen de surgir.<\/p>\n\n\n\n<figure class=\"wp-block-image size-large\"><img decoding=\"async\" src=\"https:\/\/buensonido.cl\/wp-content\/uploads\/2024\/02\/DIRECTOR-REGIONAL-FOSIS-BIOBIO-768x1024.jpg\" alt=\"\" class=\"wp-image-1406\"\/><\/figure>\n","protected":false},"excerpt":{"rendered":"<p>Abrir espacios de comercializaci\u00f3n y exhibici\u00f3n para emprendedoras y emprendedores se ha transformado en un pilar para los servicios p\u00fablicos orientados al emprendimiento en el gobierno del Presidente Gabriel Boric. En el FOSIS Biob\u00edo hemos atendido el llamado presidencial y estamos ad portas de inaugurar una nueva versi\u00f3n de la ExpoFOSIS, gran feria regional que &hellip;<\/p>\n","protected":false},"author":1,"featured_media":1406,"comment_status":"closed","ping_status":"closed","sticky":false,"template":"","format":"standard","meta":{"footnotes":""},"categories":[16],"tags":[],"class_list":["post-1405","post","type-post","status-publish","format-standard","has-post-thumbnail","hentry","category-actualidad"],"_links":{"self":[{"href":"https:\/\/buensonido.cl\/index.php?rest_route=\/wp\/v2\/posts\/1405","targetHints":{"allow":["GET"]}}],"collection":[{"href":"https:\/\/buensonido.cl\/index.php?rest_route=\/wp\/v2\/posts"}],"about":[{"href":"https:\/\/buensonido.cl\/index.php?rest_route=\/wp\/v2\/types\/post"}],"author":[{"embeddable":true,"href":"https:\/\/buensonido.cl\/index.php?rest_route=\/wp\/v2\/users\/1"}],"replies":[{"embeddable":true,"href":"https:\/\/buensonido.cl\/index.php?rest_route=%2Fwp%2Fv2%2Fcomments&post=1405"}],"version-history":[{"count":0,"href":"https:\/\/buensonido.cl\/index.php?rest_route=\/wp\/v2\/posts\/1405\/revisions"}],"wp:featuredmedia":[{"embeddable":true,"href":"https:\/\/buensonido.cl\/index.php?rest_route=\/wp\/v2\/media\/1406"}],"wp:attachment":[{"href":"https:\/\/buensonido.cl\/index.php?rest_route=%2Fwp%2Fv2%2Fmedia&parent=1405"}],"wp:term":[{"taxonomy":"category","embeddable":true,"href":"https:\/\/buensonido.cl\/index.php?rest_route=%2Fwp%2Fv2%2Fcategories&post=1405"},{"taxonomy":"post_tag","embeddable":true,"href":"https:\/\/buensonido.cl\/index.php?rest_route=%2Fwp%2Fv2%2Ftags&post=1405"}],"curies":[{"name":"wp","href":"https:\/\/api.w.org\/{rel}","templated":true}]}}