{"id":1364,"date":"2024-02-14T13:45:20","date_gmt":"2024-02-14T16:45:20","guid":{"rendered":"https:\/\/buensonido.cl\/?p=1364"},"modified":"2024-02-14T13:45:20","modified_gmt":"2024-02-14T16:45:20","slug":"fosis-biobio-apoyo-a-mas-de-4-mil-emprendimientos-de-la-region-durante-2023","status":"publish","type":"post","link":"https:\/\/buensonido.cl\/?p=1364","title":{"rendered":"FOSIS Biob\u00edo apoy\u00f3 a m\u00e1s de 4 mil emprendimientos de la Regi\u00f3n durante 2023"},"content":{"rendered":"\n<p>Actualmente, el Fondo de Solidaridad e Inversi\u00f3n Social, FOSIS, de la Regi\u00f3n del Biob\u00edo se encuentra en proceso de cierre de la ejecuci\u00f3n de sus programas de emprendimiento del 2023, logrando acompa\u00f1ar a m\u00e1s de 4 mil familias en situaci\u00f3n de vulnerabilidad social en sus primeros pasos para fortalecer o levantar desde cero un emprendimiento que les permita generar ingresos estables para sus hogares.<\/p>\n\n\n\n<p>Se trata de los programas \u201cEmprendamos Semilla\u201d, siendo este el primer escal\u00f3n del FOSIS que apoya a personas que solo tienen una idea de negocio o un emprendimiento precario, y el \u201cEmprendamos\u201d, como segundo escal\u00f3n enfocado en personas que ya cuentan con un emprendimiento y necesitan hacerlo crecer. Ambas iniciativas estuvieron presentes en las 33 comunas de la Regi\u00f3n con una inversi\u00f3n cercana a los $3.900 millones.<\/p>\n\n\n\n<p>En materia de apoyos entregados, las personas participantes recibieron capacitaciones en elaboraci\u00f3n de planes de inversi\u00f3n, taller de capacidades y competencias laborales, talleres de innovaci\u00f3n, compra y venta de productos, marketing digital y servicios por internet, adem\u00e1s, de recibir un apoyo monetario para la compra de insumos y herramientas para sus negocios entre los $430.000 y $700.000, seg\u00fan el programa.<\/p>\n\n\n\n<p>En este sentido, <strong>el Director Regional del FOSIS Biob\u00edo, Patricio Fierro Garc\u00e9s,<\/strong> coment\u00f3 que \u201chemos estado en las 33 comunas de la Regi\u00f3n y hemos cumplido a cabalidad el mandato de nuestro Presidente Gabriel Boric que es llegar a todos los territorios, llegar a todas las personas con programas innovadores, pero tambi\u00e9n muy cercanos y pertinentes para las familias. Y creemos, tambi\u00e9n, que este es un signo y una se\u00f1al de que el 2024 va a ser un muy buen a\u00f1o para la Regi\u00f3n en materia de emprendimiento y para el desarrollo de sus capacidades y habilidades\u201d.<\/p>\n\n\n\n<p>Bajo la misma l\u00ednea, <strong>la Delegada Presidencial Regional, Daniela Dresdner,<\/strong> destac\u00f3 el \u00e9xito del programa y resalt\u00f3 la importancia de la iniciativa para los emprendimientos de la Regi\u00f3n. \u201cEstoy muy contenta de estar con las emprendedoras y los emprendedores, escuchando sus relatos, pero, sobre todo, viendo como sirven las herramientas que el Gobierno del Presidente Gabriel Boric ha puesto a disposici\u00f3n para ayudarles y avanzar en esta tarea tan importante\u201d.<\/p>\n\n\n\n<p>Por su parte, <strong>Jeraldine D\u00edaz, participante del programa Emprendamos Semilla de la comuna de Chiguayante<\/strong>, manifest\u00f3 que \u201cpara m\u00ed, participar de este programa ha sido algo especial, algo que me llena de forma personal. A mis compa\u00f1eras les comentaba que el FOSIS ha estado presente toda mi vida. Cuando ten\u00eda 7 a\u00f1os recuerdo que mi mam\u00e1 fue quien emprendi\u00f3 con FOSIS, entonces ver el esfuerzo de ella y ver que en realidad el FOSIS si la ayud\u00f3 de manera real, cal\u00f3 hondo en m\u00ed y cuando tuve esta oportunidad de postular al servicio, dije tengo que aceptar esta ayuda y hacer crecer mi emprendimiento con la ayuda del FOSIS\u201d.<\/p>\n\n\n\n<p><strong>Postulaciones 2024<\/strong><\/p>\n\n\n\n<p>En relaci\u00f3n a las postulaciones de sus programas de emprendimiento, abren entre marzo y abril de cada a\u00f1o a trav\u00e9s de la p\u00e1gina web <a href=\"http:\/\/www.fosis.gob.cl\">www.fosis.gob.cl<\/a>, siendo un proceso totalmente online y amigable para quienes quieran postular. Pr\u00f3ximamente el servicio estatal informar\u00e1 en su web y redes sociales oficiales las fechas exactas del proceso.<\/p>\n\n\n\n<figure class=\"wp-block-image size-large\"><img decoding=\"async\" src=\"https:\/\/buensonido.cl\/wp-content\/uploads\/2024\/02\/Imagen-de-WhatsApp-2024-02-14-a-las-13.25.07_d4ae5e92-1024x683.jpg\" alt=\"\" class=\"wp-image-1365\"\/><\/figure>\n","protected":false},"excerpt":{"rendered":"<p>Actualmente, el Fondo de Solidaridad e Inversi\u00f3n Social, FOSIS, de la Regi\u00f3n del Biob\u00edo se encuentra en proceso de cierre de la ejecuci\u00f3n de sus programas de emprendimiento del 2023, logrando acompa\u00f1ar a m\u00e1s de 4 mil familias en situaci\u00f3n de vulnerabilidad social en sus primeros pasos para fortalecer o levantar desde cero un emprendimiento &hellip;<\/p>\n","protected":false},"author":1,"featured_media":1365,"comment_status":"closed","ping_status":"closed","sticky":false,"template":"","format":"standard","meta":{"footnotes":""},"categories":[16],"tags":[],"class_list":["post-1364","post","type-post","status-publish","format-standard","has-post-thumbnail","hentry","category-actualidad"],"_links":{"self":[{"href":"https:\/\/buensonido.cl\/index.php?rest_route=\/wp\/v2\/posts\/1364","targetHints":{"allow":["GET"]}}],"collection":[{"href":"https:\/\/buensonido.cl\/index.php?rest_route=\/wp\/v2\/posts"}],"about":[{"href":"https:\/\/buensonido.cl\/index.php?rest_route=\/wp\/v2\/types\/post"}],"author":[{"embeddable":true,"href":"https:\/\/buensonido.cl\/index.php?rest_route=\/wp\/v2\/users\/1"}],"replies":[{"embeddable":true,"href":"https:\/\/buensonido.cl\/index.php?rest_route=%2Fwp%2Fv2%2Fcomments&post=1364"}],"version-history":[{"count":0,"href":"https:\/\/buensonido.cl\/index.php?rest_route=\/wp\/v2\/posts\/1364\/revisions"}],"wp:featuredmedia":[{"embeddable":true,"href":"https:\/\/buensonido.cl\/index.php?rest_route=\/wp\/v2\/media\/1365"}],"wp:attachment":[{"href":"https:\/\/buensonido.cl\/index.php?rest_route=%2Fwp%2Fv2%2Fmedia&parent=1364"}],"wp:term":[{"taxonomy":"category","embeddable":true,"href":"https:\/\/buensonido.cl\/index.php?rest_route=%2Fwp%2Fv2%2Fcategories&post=1364"},{"taxonomy":"post_tag","embeddable":true,"href":"https:\/\/buensonido.cl\/index.php?rest_route=%2Fwp%2Fv2%2Ftags&post=1364"}],"curies":[{"name":"wp","href":"https:\/\/api.w.org\/{rel}","templated":true}]}}