{"id":1324,"date":"2024-02-12T20:07:22","date_gmt":"2024-02-12T23:07:22","guid":{"rendered":"https:\/\/buensonido.cl\/?p=1324"},"modified":"2024-02-12T20:07:22","modified_gmt":"2024-02-12T23:07:22","slug":"gobierno-ha-realizado-mas-de-600-kilometros-de-cortafuegos-en-biobio","status":"publish","type":"post","link":"https:\/\/buensonido.cl\/?p=1324","title":{"rendered":"Gobierno ha realizado m\u00e1s de 600 kil\u00f3metros de cortafuegos en Biob\u00edo"},"content":{"rendered":"\n<p>Hasta Villa Real de la comuna de Penco llegaron esta ma\u00f1ana autoridades regionales, con el fin de inspeccionar en terreno, junto a vecinas y vecinos, las distintas acciones de mitigaci\u00f3n de incendios que se han realizado en el sector y la comuna.<\/p>\n\n\n\n<p>Durante la jornada, adem\u00e1s, se dio cuenta de la situaci\u00f3n regional en cuanto a mantenci\u00f3n y construcci\u00f3n de cortafuegos y preparaci\u00f3n de comunidades ante este tipo de emergencias.<\/p>\n\n\n\n<p>En ese sentido, el delegado presidencial regional (s), Humberto Toro, indic\u00f3 que \u00abestamos haciendo un recorrido para verificar las acciones que se han desarrollado para prevenir los incendios forestales. Se han hecho cerca de 600 kil\u00f3metros de cortafuegos en la regi\u00f3n, de tal manera de evitar lo m\u00e1ximo posible la ocurrencia de estos siniestros. Conaf, adem\u00e1s, aument\u00f3 en un 47% el presupuesto para la prevenci\u00f3n y combate de los incendios\u00bb.<\/p>\n\n\n\n<p>En tanto, la seremi de Agricultura, Pamela Gatti, puso \u00e9nfasis en la importancia del trabajo conjunto entre instituciones y la comunidad. \u00abEstamos trabajando de manera conjunta con la seremi de Obras P\u00fablicas y Conaf con el tema de los cortafuegos, y colaborando con la comunidad. Hemos capacitado, a trav\u00e9s de Conaf, 150 comunidades, que se traducen en 15 mil familias, como tambi\u00e9n en 103 escuelas, eso es cerca de 6.000 ni\u00f1as, ni\u00f1os y docentes que han recibido informaci\u00f3n sobre la prevenci\u00f3n de incendios forestales\u00bb, expres\u00f3.<\/p>\n\n\n\n<p>El director regional de CONAF Biob\u00edo, Rodrigo Jara, complement\u00f3 que \u201cestas acciones de prevenci\u00f3n y mitigaci\u00f3n de incendios se han realizado en funci\u00f3n de lo que los mismos municipios nos han solicitado a partir de la identificaci\u00f3n de sectores de riesgos. Al margen de eso, tambi\u00e9n hemos estado construyendo cortafuegos y realizando otras labores en funci\u00f3n de lo que nos han solicitado las y los mismos vecinos. Por lo tanto, se\u00f1alar que todo este trabajo se encuentra en un marco de coordinaci\u00f3n durante el 2023\u201d.<\/p>\n\n\n\n<p>Finalmente, ante el pron\u00f3stico de altas temperaturas y el riesgo inminente de incendios para estos d\u00edas, el directivo insisti\u00f3 en el llamado a la corresponsabilidad. \u201cEs necesario estar reforzando de manera permanente el mensaje de prevenci\u00f3n. Prevenir los incendios es tarea de todas y todos. Hay una preparaci\u00f3n de todos los organismos para estar realizando de manera permanente patrullajes diurnos y nocturnos. El mensaje, tambi\u00e9n, a todos los vecinos y vecinas es a denunciar. Quienes tengan conocimiento de &nbsp;personas que est\u00e9n realizando alg\u00fan tipo de acci\u00f3n que pueda generar un incendio forestal, deben denunciar.<\/p>\n\n\n\n<p>En caso de detectar la ocurrencia de incendios forestales, pueden llamar al 130 de CONAF, 132 de Bomberos, 133 de Carabineros y 134 de la PDI.<\/p>\n\n\n\n<figure class=\"wp-block-image size-large\"><img decoding=\"async\" src=\"https:\/\/buensonido.cl\/wp-content\/uploads\/2024\/02\/Actividad-Penco-3-1024x575.jpeg\" alt=\"\" class=\"wp-image-1325\"\/><\/figure>\n","protected":false},"excerpt":{"rendered":"<p>Hasta Villa Real de la comuna de Penco llegaron esta ma\u00f1ana autoridades regionales, con el fin de inspeccionar en terreno, junto a vecinas y vecinos, las distintas acciones de mitigaci\u00f3n de incendios que se han realizado en el sector y la comuna. Durante la jornada, adem\u00e1s, se dio cuenta de la situaci\u00f3n regional en cuanto &hellip;<\/p>\n","protected":false},"author":1,"featured_media":1325,"comment_status":"open","ping_status":"open","sticky":false,"template":"","format":"standard","meta":{"footnotes":""},"categories":[16],"tags":[],"class_list":["post-1324","post","type-post","status-publish","format-standard","has-post-thumbnail","hentry","category-actualidad"],"_links":{"self":[{"href":"https:\/\/buensonido.cl\/index.php?rest_route=\/wp\/v2\/posts\/1324","targetHints":{"allow":["GET"]}}],"collection":[{"href":"https:\/\/buensonido.cl\/index.php?rest_route=\/wp\/v2\/posts"}],"about":[{"href":"https:\/\/buensonido.cl\/index.php?rest_route=\/wp\/v2\/types\/post"}],"author":[{"embeddable":true,"href":"https:\/\/buensonido.cl\/index.php?rest_route=\/wp\/v2\/users\/1"}],"replies":[{"embeddable":true,"href":"https:\/\/buensonido.cl\/index.php?rest_route=%2Fwp%2Fv2%2Fcomments&post=1324"}],"version-history":[{"count":0,"href":"https:\/\/buensonido.cl\/index.php?rest_route=\/wp\/v2\/posts\/1324\/revisions"}],"wp:featuredmedia":[{"embeddable":true,"href":"https:\/\/buensonido.cl\/index.php?rest_route=\/wp\/v2\/media\/1325"}],"wp:attachment":[{"href":"https:\/\/buensonido.cl\/index.php?rest_route=%2Fwp%2Fv2%2Fmedia&parent=1324"}],"wp:term":[{"taxonomy":"category","embeddable":true,"href":"https:\/\/buensonido.cl\/index.php?rest_route=%2Fwp%2Fv2%2Fcategories&post=1324"},{"taxonomy":"post_tag","embeddable":true,"href":"https:\/\/buensonido.cl\/index.php?rest_route=%2Fwp%2Fv2%2Ftags&post=1324"}],"curies":[{"name":"wp","href":"https:\/\/api.w.org\/{rel}","templated":true}]}}